{"id":11099,"date":"2022-04-22T23:04:03","date_gmt":"2022-04-23T02:04:03","guid":{"rendered":"http:\/\/dgospel.com.br\/portal\/?p=11099"},"modified":"2022-04-22T23:04:04","modified_gmt":"2022-04-23T02:04:04","slug":"em-solenidade-comemorativa-do-dia-de-tiradentes-governador-wanderlei-barbosa-assina-promocoes-de-734-policiais-militares","status":"publish","type":"post","link":"https:\/\/dgospel.com.br\/portal\/index.php\/2022\/04\/22\/em-solenidade-comemorativa-do-dia-de-tiradentes-governador-wanderlei-barbosa-assina-promocoes-de-734-policiais-militares\/","title":{"rendered":"Em solenidade comemorativa do Dia de Tiradentes, governador Wanderlei Barbosa assina promo\u00e7\u00f5es de 734 policiais militares"},"content":{"rendered":"\n<p>O Dia de Tiradentes, patrono c\u00edvico da na\u00e7\u00e3o, foi comemorado nesta quarta-feira, 20, pela corpora\u00e7\u00e3o no Quartel do Comando Geral da Pol\u00edcia Militar (QCG), em Palmas. A cerim\u00f4nia em alus\u00e3o ao Dia 21 de Abril, historicamente celebrada pela Pol\u00edcia Militar do Tocantins em comemora\u00e7\u00e3o ao Dia de Tiradentes, que tamb\u00e9m \u00e9 patrono das Pol\u00edcias Militares do Brasil, foi prestigiada pelo governador Wanderlei Barbosa, e contou com promo\u00e7\u00f5es e formatura de Sargentos e Pra\u00e7as da PM\/TO.<\/p>\n\n\n\n<p>O evento contou ainda com a presen\u00e7a do comandante-geral da PM, Coronel J\u00falio Manoel da Silva Neto, secret\u00e1rios de Estado e demais autoridades civis e militares, al\u00e9m de familiares dos homenageados.<\/p>\n\n\n\n<p>Em uma cerim\u00f4nia repleta de simbolismo e tradi\u00e7\u00e3o, o Governo do Tocantins e a Pol\u00edcia Militar realizaram a formatura do Curso de Aperfei\u00e7oamento de Sargentos e do Curso de Aperfei\u00e7oamento de Pra\u00e7as da corpora\u00e7\u00e3o. Com 380 horas\/aulas, o Curso de Sargento contou com a forma\u00e7\u00e3o de 50 policiais, sendo tr\u00eas subtenentes e 47 primeiros sargentos. J\u00e1 o Curso de Pra\u00e7as, com 290 horas\/aulas, teve a participa\u00e7\u00e3o de 40 cabos da Pol\u00edcia Militar.<\/p>\n\n\n\n<p>Coordenados pela Academia Policial Militar Tiradentes, os cursos fazem parte do projeto de aperfei\u00e7oamento t\u00e9cnico profissional da corpora\u00e7\u00e3o, que visa melhorar o servi\u00e7o prestado \u00e0 comunidade e tamb\u00e9m serve como requisito para ascens\u00e3o profissional do policial. Na oportunidade, o governador Wanderlei Barbosa e o comandante-geral da PM assinaram o ato de promo\u00e7\u00e3o de 720 Pra\u00e7as e de 17 Oficiais da Pol\u00edcia Militar do Tocantins.&nbsp;<\/p>\n\n\n\n<p>O ponto alto da solenidade foi o momento em que o governador Wanderlei Barbosa, o comandante-geral da PM, coronel J\u00falio Manoel Silva Neto e demais autoridade, madrinhas, padrinhos e familiares se deslocaram at\u00e9 os militares promovidos para a aposi\u00e7\u00e3o das ins\u00edgnias correspondentes aos novos postos de gradua\u00e7\u00e3o.&nbsp;<\/p>\n\n\n\n<p>O governador Wanderlei Barbosa destacou que o ato de promo\u00e7\u00e3o representa o crescimento profissional dos militares. \u201c\u00c9 uma satisfa\u00e7\u00e3o para n\u00f3s sabermos que os senhores est\u00e3o crescendo em suas fun\u00e7\u00f5es e est\u00e3o sendo promovidos como prev\u00ea a legisla\u00e7\u00e3o\u201d, frisou.<\/p>\n\n\n\n<p>O Governador ressaltou que \u00e9 necess\u00e1rio facilitar as promo\u00e7\u00f5es e para isso determinou estudos para acabar com o soldado de segunda classe. \u201cN\u00e3o vamos aceitar mais uma fun\u00e7\u00e3o para dificultar a vida dos militares. \u00c9 isso que queremos para os nossos militares e para os nossos servidores p\u00fablicos\u201d, finalizou.&nbsp;<\/p>\n\n\n\n<p>O comandante geral da PM, coronel J\u00falio Manoel Silva Neto, afirmou que a data \u00e9 um marco para a hist\u00f3ria brasileira por representar a luta pela independ\u00eancia. \u201cIsso serve de inspira\u00e7\u00e3o para n\u00f3s, policiais militares, que continuamos a garantir a ordem e o progresso da nossa na\u00e7\u00e3o, bem como, para servir e proteger a nossa sociedade tocantinense\u201d, ressaltou.&nbsp;<\/p>\n\n\n\n<p><strong>Presen\u00e7as<\/strong><\/p>\n\n\n\n<p>A solenidade contou com a presen\u00e7a do procurador-geral de Justi\u00e7a, Luciano Cesar Casaroti; da defensora p\u00fablica-geral do Estado do Tocantins, Estelamaris Postal, do presidente da Funda\u00e7\u00e3o Pr\u00f3-Tocantins, coronel Luiz Cl\u00e1udio Ben\u00edcio, do deputado federal Vicente J\u00fanior, dos deputados estaduais, Olyntho Neto, Ivory de Lira e J\u00fanior Geo, dentre outras autoridades.<\/p>\n\n\n\n<p><\/p>\n\n\n\n<figure class=\"wp-block-image\"><img src=\"https:\/\/central.to.gov.br\/image\/288280?w=670&amp;h=383\" alt=\"\"\/><\/figure>\n\n\n\n<p>O Governador ressaltou que \u00e9 necess\u00e1rio facilitar as promo\u00e7\u00f5es e para isso determinou estudos para acabar com o soldado de segunda classe &#8211; Esequias Ara\u00fajo\/Governo do Tocantins\u00a0<\/p>\n\n\n\n<figure class=\"wp-block-image\"><img src=\"https:\/\/central.to.gov.br\/image\/288281?w=670&amp;h=383\" alt=\"\"\/><\/figure>\n\n\n\n<p>\u201c\u00c9 uma satisfa\u00e7\u00e3o para n\u00f3s sabermos que os senhores est\u00e3o crescendo em suas fun\u00e7\u00f5es e est\u00e3o sendo promovidos como prev\u00ea a legisla\u00e7\u00e3o\u201d, afirmou o Governador &#8211; Esequias Ara\u00fajo\/Governo do Tocantins\u00a0<\/p>\n\n\n\n<figure class=\"wp-block-image\"><img src=\"https:\/\/central.to.gov.br\/image\/288282?w=670&amp;h=383\" alt=\"\"\/><\/figure>\n\n\n\n<p>O comandante geral da PM, coronel J\u00falio Manoel Silva Neto, afirmou que a data \u00e9 um marco para a hist\u00f3ria brasileira por representar a luta pela independ\u00eancia &#8211; Esequias Ara\u00fajo\/Governo do Tocantins\u00a0<\/p>\n\n\n\n<figure class=\"wp-block-image\"><img src=\"https:\/\/central.to.gov.br\/image\/288283?w=670&amp;h=383\" alt=\"\"\/><\/figure>\n\n\n\n<p>O Dia de Tiradentes, patrono c\u00edvico da na\u00e7\u00e3o, foi comemorado nesta quarta-feira, 20, pela corpora\u00e7\u00e3o no Quartel do Comando Geral da Policia Militar (QCG), em Palmas &#8211; Esequias Ara\u00fajo\/Governo do Tocantins\u00a0<\/p>\n","protected":false},"excerpt":{"rendered":"<p>O Dia de Tiradentes, patrono c\u00edvico da na\u00e7\u00e3o, foi comemorado nesta quarta-feira, 20, pela corpora\u00e7\u00e3o no Quartel do Comando Geral da Pol\u00edcia Militar (QCG), em Palmas. A cerim\u00f4nia em alus\u00e3o ao Dia 21 de Abril, historicamente celebrada pela Pol\u00edcia Militar do Tocantins em comemora\u00e7\u00e3o ao Dia de Tiradentes, que tamb\u00e9m \u00e9 patrono das Pol\u00edcias Militares [&hellip;]<\/p>\n","protected":false},"author":2,"featured_media":11100,"comment_status":"open","ping_status":"open","sticky":false,"template":"","format":"standard","meta":[],"categories":[3],"tags":[13],"_links":{"self":[{"href":"https:\/\/dgospel.com.br\/portal\/index.php\/wp-json\/wp\/v2\/posts\/11099"}],"collection":[{"href":"https:\/\/dgospel.com.br\/portal\/index.php\/wp-json\/wp\/v2\/posts"}],"about":[{"href":"https:\/\/dgospel.com.br\/portal\/index.php\/wp-json\/wp\/v2\/types\/post"}],"author":[{"embeddable":true,"href":"https:\/\/dgospel.com.br\/portal\/index.php\/wp-json\/wp\/v2\/users\/2"}],"replies":[{"embeddable":true,"href":"https:\/\/dgospel.com.br\/portal\/index.php\/wp-json\/wp\/v2\/comments?post=11099"}],"version-history":[{"count":1,"href":"https:\/\/dgospel.com.br\/portal\/index.php\/wp-json\/wp\/v2\/posts\/11099\/revisions"}],"predecessor-version":[{"id":11101,"href":"https:\/\/dgospel.com.br\/portal\/index.php\/wp-json\/wp\/v2\/posts\/11099\/revisions\/11101"}],"wp:featuredmedia":[{"embeddable":true,"href":"https:\/\/dgospel.com.br\/portal\/index.php\/wp-json\/wp\/v2\/media\/11100"}],"wp:attachment":[{"href":"https:\/\/dgospel.com.br\/portal\/index.php\/wp-json\/wp\/v2\/media?parent=11099"}],"wp:term":[{"taxonomy":"category","embeddable":true,"href":"https:\/\/dgospel.com.br\/portal\/index.php\/wp-json\/wp\/v2\/categories?post=11099"},{"taxonomy":"post_tag","embeddable":true,"href":"https:\/\/dgospel.com.br\/portal\/index.php\/wp-json\/wp\/v2\/tags?post=11099"}],"curies":[{"name":"wp","href":"https:\/\/api.w.org\/{rel}","templated":true}]}}