{"id":11105,"date":"2022-04-28T11:19:46","date_gmt":"2022-04-28T14:19:46","guid":{"rendered":"http:\/\/dgospel.com.br\/portal\/?p=11105"},"modified":"2022-04-28T11:19:47","modified_gmt":"2022-04-28T14:19:47","slug":"frente-parlamentar-evangelica-repudia-perseguicao-do-pt-contra-o-pr-jose-wellington-junior","status":"publish","type":"post","link":"https:\/\/dgospel.com.br\/portal\/index.php\/2022\/04\/28\/frente-parlamentar-evangelica-repudia-perseguicao-do-pt-contra-o-pr-jose-wellington-junior\/","title":{"rendered":"Frente Parlamentar Evang\u00e9lica repudia persegui\u00e7\u00e3o do PT contra o Pr Jos\u00e9 Wellington J\u00fanior"},"content":{"rendered":"\n<p>Nesta quarta-feira (27), a Frente Parlamentar Evang\u00e9lica emitiu\nnota para repudiar o processo que o Partido dos Trabalhadores (PT) protocolou\nno Tribunal Superior Eleitoral (TSE) contra o pastor Jos\u00e9 Wellington Costa\nJ\u00fanior, presidente da Conven\u00e7\u00e3o Geral das Assembleias de Deus no Brasil\n(CGADB).<\/p>\n\n\n\n<p>No texto, a frente condena \u201ca tentativa de macular o movimento evang\u00e9lico brasileiro\u201d.<\/p>\n\n\n\n<p>\u2013 A Frente Parlamentar Evang\u00e9lica no Congresso Nacional vem a p\u00fablico repudiar com veem\u00eancia a tentativa de macular o movimento evang\u00e9lico brasileiro, diuturnamente operada pelo Partido dos Trabalhadores e agora levada \u00e0 cabo por meio de insidiosa persegui\u00e7\u00e3o contra o presidente da Conven\u00e7\u00e3o Geral das Assembleias de Deus do Brasil, pastor Jos\u00e9 Wellington Costa Jr. e do deputado S\u00f3stenes Cavalcante. De fato, quando o PT requer injustamente a condena\u00e7\u00e3o de um homem de Deus, um dia antes de uma das mais altas cortes do pais, por um il\u00edcito que notoriamente n\u00e3o foi por ele cometido, esse partido mente, como de costume, e tamb\u00e9m comete litig\u00e2ncia de m\u00e1-f\u00e9, instrumentalizando o Poder Judici\u00e1rio com fins esp\u00farios \u2013 diz trecho da nota.<\/p>\n\n\n\n<p>O PT afirma ter ocorrido suposta campanha eleitoral antecipada na ida do presidente Jair Bolsonaro na Marcha para Jesus e em culto da 45\u00aa Assembleia Geral Ordin\u00e1ria da Conven\u00e7\u00e3o Geral das Assembleias de Deus no Brasil.<\/p>\n\n\n\n<p><strong>ENTENDA<\/strong><br>O PT protocolou, no \u00faltimo domingo (24), uma a\u00e7\u00e3o no Tribunal Superior Eleitoral (TSE) por suposta pr\u00e1tica de campanha eleitoral antecipada do presidente Jair Bolsonaro. No processo, a legenda citou o presidente da Conven\u00e7\u00e3o Geral das Assembleias de Deus no Brasil (CGADB), pastor Jos\u00e9 Wellington Costa J\u00fanior.<\/p>\n\n\n\n<p>Al\u00e9m de citar o pastor e Bolsonaro, o partido ainda incluiu na a\u00e7\u00e3o o presidente da Frente Evang\u00e9lica, o deputado federal S\u00f3stenes Cavalcante (PL-RJ). No processo, o PT declarou que \u201co evento n\u00e3o passou de um ato de campanha, a despeito da apar\u00eancia de culto religioso\u201d e que Jos\u00e9 Wellington e S\u00f3stenes \u201cdiscursaram em favor da reelei\u00e7\u00e3o do presidente, com a sua anu\u00eancia expl\u00edcita\u201d.<\/p>\n\n\n\n<p>Durante o evento, o pastor ressaltou que Bolsonaro \u00e9 \u201co nosso pr\u00e9-candidato\u201d e que o \u201cDeus a quem ele honra com certeza o honrar\u00e1 no pr\u00f3ximo m\u00eas de outubro\u201d, m\u00eas das elei\u00e7\u00f5es de 2022. Al\u00e9m disso, o l\u00edder religioso declarou que a c\u00fapula da conven\u00e7\u00e3o espera que Jesus Cristo d\u00ea a vit\u00f3ria ao candidato do PL ainda no primeiro turno.<\/p>\n\n\n\n<p>Leia, abaixo, a nota completa da Frente Parlamentar Evang\u00e9lica:<\/p>\n\n\n\n<p><em>NOTA P\u00daBLICA<\/em><br><em>PERSEGUI\u00c7\u00c3O. MENTIRAS E LITIGANCIA DE M\u00c1-F\u00c9<\/em><br><em>A FRENTE PARLAMENTAR EVENG\u00c9LICA NO CONGRESSO NACIONAL vem a p\u00fablico repudiar com veem\u00eancia a tentativa de macular o movimento evang\u00e9lico brasileiro, diuturnamente operada pelo Partido dos Trabalhadores e agora levada \u00e0 cabo por meio de insidiosa persegui\u00e7\u00e3o contra o presidente da Conven\u00e7\u00e3o Geral das Assembleias de Deus do Brasil, pastor Jos\u00e9 Wellington Costa Ir e do Deputado S\u00f3stenes Cavalcante. De fato, quando o PT requer injustamente a condena\u00e7\u00e3o de um homem de Deus, 1 ante de uma das mais altas cortes do pais, por um il\u00edcito que notoriamente n\u00e3o foi por ele cometido, esse Partido mente, como de costume, e tamb\u00e9m comete litig\u00e2ncia de m\u00e1-f\u00e9, instrumentalizando o Poder Judici\u00e1rio com fins esp\u00farios.<\/em><\/p>\n\n\n\n<p><em>Afinal, a Lei das Elei\u00e7\u00f5es \u00e9 clara, ao ditar em seu Art. 36. A que \u201cN\u00e3o configuram propaganda eleitoral antecipada, desde que n\u00e3o envolvam pedido explicito de voto, a men\u00e7\u00e3o \u00e0 pretensa candidatura, a exalta\u00e7\u00e3o das qualidades pessoais dos pr\u00e9-candidatos e os seguintes atos, que podem ter cobertura dos meios de comunica\u00e7\u00e3o social, inclusive via internet.\u201d<\/em><\/p>\n\n\n\n<p><em>Assim, ao processar o pastor Jos\u00e9 Wellington Costa Jr. e o Deputado S\u00f3stenes Cavalcante por atitudes que manifestamente n\u00e3o se enquadram na hip\u00f3tese legal, o PT n\u00e3o apenas perpetua sua nefasta tradi\u00e7\u00e3o de mentiras o Povo e de p\u00e9rfida persegui\u00e7\u00e3o aos evang\u00e9licas, como igualmente comete il\u00edcito de litig\u00e2ncia de m\u00e1-f\u00e9 e por isso deve ser condenado, na exata forma preconizada pelo Art. 80, 1, do C\u00f3digo de Processo Civil, combinado com os artigos 79 e 15 do mesmo<\/em><br><em>diploma legal.<\/em><\/p>\n\n\n\n<p><em>Ali\u00e1s, ressalte-se que o pr\u00f3prio ministro-relator dessa apelo no TSE, se atento \u00e0 lei e \u00e0 manifesta verdade dos fatos, pode condenar de oficio o PT ao pagamento de multa por essa vergonhosa tentativa de instrumentaliza\u00e7\u00e3o do Judici\u00e1rio com fins puramente pol\u00edticos.<\/em><\/p>\n\n\n\n<p><em>Por fim, a FPE 3o se solidarizar com o pastor Jos\u00e9 Wellington Costa Jr. por esse nefasto acontecimento, alerta a todos os pastores e congregados brasileiros sobre o verdadeiro perigo que seria reconduzir o ex presidi\u00e1rio \u00e0 cena do crime. Deveras, como resta provado nesta a\u00e7\u00e3o judicial na qual o PT requer a condena\u00e7\u00e3o do presidente da CGADB, uma poss\u00edvel elei\u00e7\u00e3o de Lula \u00e0 Suprema Magistratura da Na\u00e7\u00e3o coloca em risco a pr\u00f3pria exist\u00eancia da Igreja Evang\u00e9lica no Brasil.<\/em><\/p>\n\n\n\n<p><em>Bras\u00edlia \u2013 DF, 27 de abril de 2022.<\/em><br><em>DEPUTADO PR. MARCO FELICIANO<\/em><br><em>VICE PRESIDENTE DA FRENTE PARLAMENTAR EVANG\u00c9LICA<\/em><\/p>\n\n\n\n<figure class=\"wp-block-image\"><img src=\"https:\/\/static.cdn.pleno.news\/2022\/04\/Screenshot-2022-04-27T174937.405.png\" alt=\"\" class=\"wp-image-937258\"\/><\/figure>\n","protected":false},"excerpt":{"rendered":"<p>Nesta quarta-feira (27), a Frente Parlamentar Evang\u00e9lica emitiu nota para repudiar o processo que o Partido dos Trabalhadores (PT) protocolou no Tribunal Superior Eleitoral (TSE) contra o pastor Jos\u00e9 Wellington Costa J\u00fanior, presidente da Conven\u00e7\u00e3o Geral das Assembleias de Deus no Brasil (CGADB). No texto, a frente condena \u201ca tentativa de macular o movimento evang\u00e9lico [&hellip;]<\/p>\n","protected":false},"author":2,"featured_media":11106,"comment_status":"open","ping_status":"open","sticky":false,"template":"","format":"standard","meta":[],"categories":[8,5],"tags":[],"_links":{"self":[{"href":"https:\/\/dgospel.com.br\/portal\/index.php\/wp-json\/wp\/v2\/posts\/11105"}],"collection":[{"href":"https:\/\/dgospel.com.br\/portal\/index.php\/wp-json\/wp\/v2\/posts"}],"about":[{"href":"https:\/\/dgospel.com.br\/portal\/index.php\/wp-json\/wp\/v2\/types\/post"}],"author":[{"embeddable":true,"href":"https:\/\/dgospel.com.br\/portal\/index.php\/wp-json\/wp\/v2\/users\/2"}],"replies":[{"embeddable":true,"href":"https:\/\/dgospel.com.br\/portal\/index.php\/wp-json\/wp\/v2\/comments?post=11105"}],"version-history":[{"count":1,"href":"https:\/\/dgospel.com.br\/portal\/index.php\/wp-json\/wp\/v2\/posts\/11105\/revisions"}],"predecessor-version":[{"id":11107,"href":"https:\/\/dgospel.com.br\/portal\/index.php\/wp-json\/wp\/v2\/posts\/11105\/revisions\/11107"}],"wp:featuredmedia":[{"embeddable":true,"href":"https:\/\/dgospel.com.br\/portal\/index.php\/wp-json\/wp\/v2\/media\/11106"}],"wp:attachment":[{"href":"https:\/\/dgospel.com.br\/portal\/index.php\/wp-json\/wp\/v2\/media?parent=11105"}],"wp:term":[{"taxonomy":"category","embeddable":true,"href":"https:\/\/dgospel.com.br\/portal\/index.php\/wp-json\/wp\/v2\/categories?post=11105"},{"taxonomy":"post_tag","embeddable":true,"href":"https:\/\/dgospel.com.br\/portal\/index.php\/wp-json\/wp\/v2\/tags?post=11105"}],"curies":[{"name":"wp","href":"https:\/\/api.w.org\/{rel}","templated":true}]}}