{"id":11108,"date":"2022-04-28T11:30:00","date_gmt":"2022-04-28T14:30:00","guid":{"rendered":"http:\/\/dgospel.com.br\/portal\/?p=11108"},"modified":"2022-04-28T11:30:01","modified_gmt":"2022-04-28T14:30:01","slug":"bolsonaro-vai-ao-ato-civico-pela-liberdade-de-expressao","status":"publish","type":"post","link":"https:\/\/dgospel.com.br\/portal\/index.php\/2022\/04\/28\/bolsonaro-vai-ao-ato-civico-pela-liberdade-de-expressao\/","title":{"rendered":"Bolsonaro vai ao Ato C\u00edvico pela Liberdade de Express\u00e3o"},"content":{"rendered":"\n<p> Nesta quarta-feira (27), parlamentares aliados do presidente Jair Bolsonaro lan\u00e7aram um manifesto em defesa da liberdade de express\u00e3o e tamb\u00e9m em defesa do deputado federal Daniel Silveira (PTB-RJ). O evento de lan\u00e7amento contou com a presen\u00e7a do presidente Jair Bolsonaro no Pal\u00e1cio do Planalto. <\/p>\n\n\n\n<p> Participaram ainda do Ato C\u00edvico pela Liberdade de Express\u00e3o deputados da Frente Parlamentar Evang\u00e9lica e da Frente Parlamentar da Seguran\u00e7a P\u00fablica. O texto foi lido pelo deputado federal S\u00f3stenes Cavalcante (PL-RJ). <\/p>\n\n\n\n<p>\u2013 Liberdade de express\u00e3o \u00e9 al\u00e7ada a direito fundamental absoluto, quando \u00e9 para atacar cren\u00e7as e valores caros a crist\u00e3os, em detrimento de outros direitos fundamentais \u2013 apontou o parlamentar.<\/p>\n\n\n\n<p>No manifesto, os deputado apontaram que \u201cem outros momentos, a liberdade de express\u00e3o \u00e9 encarada como discurso de \u00f3dio, intolerante ou fascista, que deve ser combatida. O problema n\u00e3o \u00e9 somente o que se diz, mas quem diz: evidenciando quem s\u00e3o os verdadeiros intolerantes\u201d.<\/p>\n\n\n\n<p>Al\u00e9m disso, o grupo afirmou que \u201cmuitos cidad\u00e3os t\u00eam medo de expor suas opini\u00f5es por medo de repres\u00e1lias, sejam virtuais ou f\u00edsicas. N\u00e3o raro, algu\u00e9m come\u00e7ar expressar suas ideias atrav\u00e9s de v\u00eddeos, \u00e1udios ou textos onlines, e os conte\u00fados serem derrubados pelos moderadores e terem seus canais suspensos\u201d.<\/p>\n","protected":false},"excerpt":{"rendered":"<p>Nesta quarta-feira (27), parlamentares aliados do presidente Jair Bolsonaro lan\u00e7aram um manifesto em defesa da liberdade de express\u00e3o e tamb\u00e9m em defesa do deputado federal Daniel Silveira (PTB-RJ). O evento de lan\u00e7amento contou com a presen\u00e7a do presidente Jair Bolsonaro no Pal\u00e1cio do Planalto. Participaram ainda do Ato C\u00edvico pela Liberdade de Express\u00e3o deputados da [&hellip;]<\/p>\n","protected":false},"author":2,"featured_media":11109,"comment_status":"open","ping_status":"open","sticky":false,"template":"","format":"standard","meta":[],"categories":[8,4],"tags":[],"_links":{"self":[{"href":"https:\/\/dgospel.com.br\/portal\/index.php\/wp-json\/wp\/v2\/posts\/11108"}],"collection":[{"href":"https:\/\/dgospel.com.br\/portal\/index.php\/wp-json\/wp\/v2\/posts"}],"about":[{"href":"https:\/\/dgospel.com.br\/portal\/index.php\/wp-json\/wp\/v2\/types\/post"}],"author":[{"embeddable":true,"href":"https:\/\/dgospel.com.br\/portal\/index.php\/wp-json\/wp\/v2\/users\/2"}],"replies":[{"embeddable":true,"href":"https:\/\/dgospel.com.br\/portal\/index.php\/wp-json\/wp\/v2\/comments?post=11108"}],"version-history":[{"count":1,"href":"https:\/\/dgospel.com.br\/portal\/index.php\/wp-json\/wp\/v2\/posts\/11108\/revisions"}],"predecessor-version":[{"id":11110,"href":"https:\/\/dgospel.com.br\/portal\/index.php\/wp-json\/wp\/v2\/posts\/11108\/revisions\/11110"}],"wp:featuredmedia":[{"embeddable":true,"href":"https:\/\/dgospel.com.br\/portal\/index.php\/wp-json\/wp\/v2\/media\/11109"}],"wp:attachment":[{"href":"https:\/\/dgospel.com.br\/portal\/index.php\/wp-json\/wp\/v2\/media?parent=11108"}],"wp:term":[{"taxonomy":"category","embeddable":true,"href":"https:\/\/dgospel.com.br\/portal\/index.php\/wp-json\/wp\/v2\/categories?post=11108"},{"taxonomy":"post_tag","embeddable":true,"href":"https:\/\/dgospel.com.br\/portal\/index.php\/wp-json\/wp\/v2\/tags?post=11108"}],"curies":[{"name":"wp","href":"https:\/\/api.w.org\/{rel}","templated":true}]}}