{"id":11117,"date":"2022-04-28T16:43:45","date_gmt":"2022-04-28T19:43:45","guid":{"rendered":"http:\/\/dgospel.com.br\/portal\/?p=11117"},"modified":"2022-04-28T16:43:46","modified_gmt":"2022-04-28T19:43:46","slug":"governo-do-tocantins-participa-da-21a-marcha-dos-legislativos-da-uniao-dos-vereadores-do-brasil","status":"publish","type":"post","link":"https:\/\/dgospel.com.br\/portal\/index.php\/2022\/04\/28\/governo-do-tocantins-participa-da-21a-marcha-dos-legislativos-da-uniao-dos-vereadores-do-brasil\/","title":{"rendered":"Governo do Tocantins participa da 21\u00aa Marcha dos Legislativos da Uni\u00e3o dos Vereadores do Brasil"},"content":{"rendered":"\n<p>Em agenda na capital brasileira, Bras\u00edlia (DF), o governador do Tocantins, Wanderlei Barbosa, participou nesta quarta-feira, 27, da&nbsp;21\u00aa Marcha dos Legislativos da Uni\u00e3o dos Vereadores do Brasil (UVB). O evento tem como objetivo mobilizar as C\u00e2maras Municipais para discuss\u00f5es de tem\u00e1ticas relacionadas ao Governo Federal, que possam garantir impactos positivos para os munic\u00edpios.<\/p>\n\n\n\n<p>Tendo aten\u00e7\u00e3o com a esfera municipal, o Governador ressaltou como a troca com os vereadores de diferentes localidades da federa\u00e7\u00e3o \u00e9 extremamente positivo, experi\u00eancia que, para ele, conta muito para a gest\u00e3o estadual. &#8220;A minha vinda aqui \u00e9 para abra\u00e7ar os vereadores do Brasil, para abra\u00e7ar os meus irm\u00e3os vereadores do Tocantins, para que a gente possa trabalhar em conjunto&#8221;, afirmou Wanderlei Barbosa.<\/p>\n\n\n\n<p>O evento iniciou nesta ter\u00e7a-feira, 26, e prossegue com programa\u00e7\u00e3o at\u00e9 a sexta-feira, 29, com a participa\u00e7\u00e3o de palestrantes pol\u00edticos, candidatos \u00e0 presid\u00eancia e do pr\u00f3prio presidente do Brasil, Jair Bolsonaro.&nbsp;<\/p>\n\n\n\n<p>O presidente da Uni\u00e3o dos Vereadores do Brasil (UVB), vereador de Ira\u00ed (RS), Gilson Conzatti, ressaltou, com otimismo, a participa\u00e7\u00e3o do Governador do Tocantins ao apresent\u00e1-lo aos demais vereadores durante a programa\u00e7\u00e3o. O presidente Gilson Conzatti ressaltou o seu curr\u00edculo na esfera pol\u00edtica. &#8220;Wanderlei Barbosa \u00e9 um parceiro, um amigo, foi vereador e deputado estadual, estava em Bras\u00edlia e me ligou, fazendo quest\u00e3o de participar da nossa marcha&#8221;, comentou Gilson Conzatti.<\/p>\n\n\n\n<p>Wanderlei Barbosa foi vereador por dois mandatos em Porto Nacional e mais quatro mandatos como vereador da Capital, Palmas, deixando o cargo em 2011 para assumir como Deputado Estadual na Assembleia Legislativa, sendo reeleito para mais dois mandatos, permanecendo na fun\u00e7\u00e3o at\u00e9 2018, quando disputou a elei\u00e7\u00e3o suplementar como vice-governador e, desde 20 de outubro de 2021, ocupa o cargo de governador do Estado.<\/p>\n\n\n\n<p>&#8220;Nunca deixei de receber no meu gabinete, da mesma forma que eu recebia quando era vereador, o l\u00edder comunit\u00e1rio da minha comunidade. Eu recebia tamb\u00e9m como deputado, os meus vereadores, prefeitos e vice-prefeitos e a representa\u00e7\u00e3o social quando me procurava. E esse \u00e9 o trabalho que eu sei que os senhores fazem, fazem com muita coer\u00eancia, como fazem os vereadores do Tocantins. Esse \u00e9 o trabalho do parlamento que me deu orgulho por 18 anos e tenho orgulho de dizer que a minha base foi constru\u00edda no parlamento municipal&#8221;, concluiu o governador Wanderlei Barbosa.<\/p>\n\n\n\n<p>O presidente da Uni\u00e3o dos Vereadores do Estado do Tocantins (Uvet), Terciliano Gomes, destacou que a presen\u00e7a do Chefe do Executivo Estadual engrandeceu o evento. \u201c Quero parabenizar a todos os vereadores que se deslocaram de todo o Tocantins e de todo o Brasil para a Marcha dos Vereadores na busca do conhecimento e da qualifica\u00e7\u00e3o para prestar um servi\u00e7o de excel\u00eancia. A vinda do governador Wanderlei Barbosa engrandece ainda mais esse evento, ele que foi vereador e que conhece a import\u00e2ncia desse agente pol\u00edtico, como um agente de transforma\u00e7\u00e3o do munic\u00edpio em que atua\u201d, finalizou.<\/p>\n\n\n\n<figure class=\"wp-block-image\"><img src=\"https:\/\/central.to.gov.br\/image\/288831?w=670&amp;h=383\" alt=\"\"\/><\/figure>\n\n\n\n<p>Em encontro com vereadores de todo o Brasil, o governador Wanderlei Barbosa destacou o orgulho em ter sido vereador por 18 anos &#8211; Antonio Gon\u00e7alves\/Governo do Tocantins.<\/p>\n\n\n\n<figure class=\"wp-block-image\"><img src=\"https:\/\/central.to.gov.br\/image\/288829?w=670&amp;h=383\" alt=\"\"\/><\/figure>\n\n\n\n<p>Na manh\u00e3 desta quarta-feira, 27, o governador Wanderlei Barbosa participou da 21\u00aa Marcha dos Vereadores &#8211; Antonio Gon\u00e7alves\/Governo do Tocantins\n\n<\/p>\n","protected":false},"excerpt":{"rendered":"<p>Em agenda na capital brasileira, Bras\u00edlia (DF), o governador do Tocantins, Wanderlei Barbosa, participou nesta quarta-feira, 27, da&nbsp;21\u00aa Marcha dos Legislativos da Uni\u00e3o dos Vereadores do Brasil (UVB). O evento tem como objetivo mobilizar as C\u00e2maras Municipais para discuss\u00f5es de tem\u00e1ticas relacionadas ao Governo Federal, que possam garantir impactos positivos para os munic\u00edpios. Tendo aten\u00e7\u00e3o [&hellip;]<\/p>\n","protected":false},"author":2,"featured_media":11118,"comment_status":"open","ping_status":"open","sticky":false,"template":"","format":"standard","meta":[],"categories":[3],"tags":[13],"_links":{"self":[{"href":"https:\/\/dgospel.com.br\/portal\/index.php\/wp-json\/wp\/v2\/posts\/11117"}],"collection":[{"href":"https:\/\/dgospel.com.br\/portal\/index.php\/wp-json\/wp\/v2\/posts"}],"about":[{"href":"https:\/\/dgospel.com.br\/portal\/index.php\/wp-json\/wp\/v2\/types\/post"}],"author":[{"embeddable":true,"href":"https:\/\/dgospel.com.br\/portal\/index.php\/wp-json\/wp\/v2\/users\/2"}],"replies":[{"embeddable":true,"href":"https:\/\/dgospel.com.br\/portal\/index.php\/wp-json\/wp\/v2\/comments?post=11117"}],"version-history":[{"count":1,"href":"https:\/\/dgospel.com.br\/portal\/index.php\/wp-json\/wp\/v2\/posts\/11117\/revisions"}],"predecessor-version":[{"id":11119,"href":"https:\/\/dgospel.com.br\/portal\/index.php\/wp-json\/wp\/v2\/posts\/11117\/revisions\/11119"}],"wp:featuredmedia":[{"embeddable":true,"href":"https:\/\/dgospel.com.br\/portal\/index.php\/wp-json\/wp\/v2\/media\/11118"}],"wp:attachment":[{"href":"https:\/\/dgospel.com.br\/portal\/index.php\/wp-json\/wp\/v2\/media?parent=11117"}],"wp:term":[{"taxonomy":"category","embeddable":true,"href":"https:\/\/dgospel.com.br\/portal\/index.php\/wp-json\/wp\/v2\/categories?post=11117"},{"taxonomy":"post_tag","embeddable":true,"href":"https:\/\/dgospel.com.br\/portal\/index.php\/wp-json\/wp\/v2\/tags?post=11117"}],"curies":[{"name":"wp","href":"https:\/\/api.w.org\/{rel}","templated":true}]}}