{"id":11126,"date":"2022-04-28T17:05:14","date_gmt":"2022-04-28T20:05:14","guid":{"rendered":"http:\/\/dgospel.com.br\/portal\/?p=11126"},"modified":"2022-04-28T17:05:16","modified_gmt":"2022-04-28T20:05:16","slug":"silveira-ganha-quadro-com-o-perdao-assinado-por-bolsonaro","status":"publish","type":"post","link":"https:\/\/dgospel.com.br\/portal\/index.php\/2022\/04\/28\/silveira-ganha-quadro-com-o-perdao-assinado-por-bolsonaro\/","title":{"rendered":"Silveira ganha quadro com o perd\u00e3o assinado por Bolsonaro"},"content":{"rendered":"\n<p> Nesta quarta-feira (27), o deputado federal Daniel Silveira (PTB-RJ) ganhou um \u201cpresente especial\u201d de seu colega de C\u00e2mara, o deputado Coronel Tadeu (PL-SP). Durante discurso no plen\u00e1rio da Casa, Coronel Tadeu entregou um quadro com o decreto assinado pelo presidente Jair Bolsonaro que concedeu o perd\u00e3o a Silveira. <\/p>\n\n\n\n<p> O deputado foi condenado pelo Supremo Tribunal Federal (STF) a oito anos e nove meses de pris\u00e3o ap\u00f3s \u201ccr\u00edticas\u201d a membros da Corte. No entanto, Bolsonaro concedeu uma gra\u00e7a constitucional a Daniel Silveira. <\/p>\n\n\n\n<p>Durante discurso no plen\u00e1rio, Coronel Tadeu fez uma homenagem a Silveira e o chamou \u00e0 tribuna.<\/p>\n\n\n\n<p>\u2013 Esse pr\u00eamio, Daniel, ele leva o seu nome, mas quem ganha \u00e9 toda a sociedade brasileira. (\u2026) A nossa Constitui\u00e7\u00e3o n\u00e3o vai ser afrontada. Temos mecanismos de freios. Parab\u00e9ns ao presidente Bolsonaro \u2013 afirmou.<\/p>\n\n\n\n<figure class=\"wp-block-embed-youtube wp-block-embed is-type-video is-provider-youtube wp-embed-aspect-16-9 wp-has-aspect-ratio\"><div class=\"wp-block-embed__wrapper\">\n<iframe loading=\"lazy\" title=\"Deputado presenteia Silveira com indulto de Bolsonaro emoldurado\" width=\"630\" height=\"354\" src=\"https:\/\/www.youtube.com\/embed\/9wvMsMMjbcc?feature=oembed\" frameborder=\"0\" allow=\"accelerometer; autoplay; clipboard-write; encrypted-media; gyroscope; picture-in-picture\" allowfullscreen><\/iframe>\n<\/div><\/figure>\n","protected":false},"excerpt":{"rendered":"<p>Nesta quarta-feira (27), o deputado federal Daniel Silveira (PTB-RJ) ganhou um \u201cpresente especial\u201d de seu colega de C\u00e2mara, o deputado Coronel Tadeu (PL-SP). Durante discurso no plen\u00e1rio da Casa, Coronel Tadeu entregou um quadro com o decreto assinado pelo presidente Jair Bolsonaro que concedeu o perd\u00e3o a Silveira. O deputado foi condenado pelo Supremo Tribunal [&hellip;]<\/p>\n","protected":false},"author":2,"featured_media":11127,"comment_status":"open","ping_status":"open","sticky":false,"template":"","format":"standard","meta":[],"categories":[4],"tags":[14],"_links":{"self":[{"href":"https:\/\/dgospel.com.br\/portal\/index.php\/wp-json\/wp\/v2\/posts\/11126"}],"collection":[{"href":"https:\/\/dgospel.com.br\/portal\/index.php\/wp-json\/wp\/v2\/posts"}],"about":[{"href":"https:\/\/dgospel.com.br\/portal\/index.php\/wp-json\/wp\/v2\/types\/post"}],"author":[{"embeddable":true,"href":"https:\/\/dgospel.com.br\/portal\/index.php\/wp-json\/wp\/v2\/users\/2"}],"replies":[{"embeddable":true,"href":"https:\/\/dgospel.com.br\/portal\/index.php\/wp-json\/wp\/v2\/comments?post=11126"}],"version-history":[{"count":1,"href":"https:\/\/dgospel.com.br\/portal\/index.php\/wp-json\/wp\/v2\/posts\/11126\/revisions"}],"predecessor-version":[{"id":11128,"href":"https:\/\/dgospel.com.br\/portal\/index.php\/wp-json\/wp\/v2\/posts\/11126\/revisions\/11128"}],"wp:featuredmedia":[{"embeddable":true,"href":"https:\/\/dgospel.com.br\/portal\/index.php\/wp-json\/wp\/v2\/media\/11127"}],"wp:attachment":[{"href":"https:\/\/dgospel.com.br\/portal\/index.php\/wp-json\/wp\/v2\/media?parent=11126"}],"wp:term":[{"taxonomy":"category","embeddable":true,"href":"https:\/\/dgospel.com.br\/portal\/index.php\/wp-json\/wp\/v2\/categories?post=11126"},{"taxonomy":"post_tag","embeddable":true,"href":"https:\/\/dgospel.com.br\/portal\/index.php\/wp-json\/wp\/v2\/tags?post=11126"}],"curies":[{"name":"wp","href":"https:\/\/api.w.org\/{rel}","templated":true}]}}