{"id":1113,"date":"2018-08-27T16:40:48","date_gmt":"2018-08-27T19:40:48","guid":{"rendered":"http:\/\/dgospel.com.br\/portal\/?p=1113"},"modified":"2018-08-28T00:03:52","modified_gmt":"2018-08-28T03:03:52","slug":"valorizacao-do-servidor-publico-se-torna-uma-das-marcas-da-gestao-carlesse","status":"publish","type":"post","link":"https:\/\/dgospel.com.br\/portal\/index.php\/2018\/08\/27\/valorizacao-do-servidor-publico-se-torna-uma-das-marcas-da-gestao-carlesse\/","title":{"rendered":"Valoriza\u00e7\u00e3o do servidor p\u00fablico se torna uma das marcas da gest\u00e3o Carlesse"},"content":{"rendered":"<p class=\"yiv8041169605MsoNormal\">Desde que assumiu o Executivo estadual em mar\u00e7o deste ano, o Governador e candidato \u00e0 reelei\u00e7\u00e3o pela coliga\u00e7\u00e3o Governo de Atitude, Mauro Carlesse (PHS), colocou fim a desvaloriza\u00e7\u00e3o que os servidores p\u00fablicos vinham sofrendo. Mais do que discursos, a gest\u00e3o implantou a\u00e7\u00f5es concretas que tiveram grande impacto positivo, tanto para os profissionais quanto para a economia do Tocantins.<\/p>\n<p class=\"yiv8041169605MsoNormal\">\u201cA valoriza\u00e7\u00e3o do servidor p\u00fablico estadual passa necessariamente pelo reconhecimento de seus direitos previstos em lei. O Estado n\u00e3o pode se omitir no cumprimento das legisla\u00e7\u00f5es pertinentes e o cumprimento das obriga\u00e7\u00f5es relativas \u00e0s progress\u00f5es, data-base, promo\u00e7\u00f5es, consignados, aposentadorias, assist\u00eancia m\u00e9dica, jornada de trabalho, licen\u00e7as e sal\u00e1rios devem ser cumpridas integralmente sem que haja preju\u00edzo para a classe.\u201d, garantiu Carlesse.<\/p>\n<p class=\"yiv8041169605MsoNormal\"><b>Medidas Pr\u00e1ticas<\/b><\/p>\n<p class=\"yiv8041169605MsoNormal\">Uma demanda antiga dos servidores p\u00fablicos foi atendida pelo Governador Mauro Carlesse logo que ele chegou ao Pal\u00e1cio Araguaia. Voltar a pagar os\u00a0<b>sal\u00e1rios a partir do dia 1\u00ba<\/b>\u00a0foi um das primeiras medidas de Governo para beneficiar os servidores p\u00fablicos que vinham recebendo, desde o ano de 2015, no dia 12 de cada m\u00eas.<\/p>\n<p class=\"yiv8041169605MsoNormal\">Outra medida de Carlesse foi garantir o\u00a0<b>funcionamento do Plansa\u00fade sem interrup\u00e7\u00e3o<\/b>. Ao assumir a gest\u00e3o, a operacionaliza\u00e7\u00e3o do plano estava em xeque e uma grande d\u00edvida vinha se acumulando. O Governo resolveu ent\u00e3o prorrogar o contrato com a Unimed Centro Oeste\/Tocantins por mais 12 meses e come\u00e7ou a quitar os valores atrasados com os prestadores de servi\u00e7o, mais de R$ 111 milh\u00f5es j\u00e1 foram pagos.<\/p>\n<p class=\"yiv8041169605MsoNormal\">Carlesse tamb\u00e9m atendeu a uma demanda antiga dos servidores p\u00fablicos que era a\u00a0<b>implementa\u00e7\u00e3o da carga hor\u00e1ria de 6 horas di\u00e1ria<\/b>, mudando o expediente dos \u00f3rg\u00e3os p\u00fablicos do Estado para o per\u00edodo das 8 \u00e0s 14 horas. No \u00faltimo dia 16 de agosto, Carlesse assinou decreto prorrogando a jornada reduzida para o dia 31 de dezembro. A medida tamb\u00e9m gerou economia nos gastos com \u00e1gua, energia el\u00e9trica, di\u00e1rias, passagens, telefone, combust\u00edvel, material de expediente e consumo, manuten\u00e7\u00f5es com ve\u00edculos e demais despesas.<\/p>\n<p class=\"yiv8041169605MsoNormal\">Foi tamb\u00e9m na gest\u00e3o de Mauro Carlesse que o Governo voltou a discutir a\u00a0<b>data-base<\/b>\u00a0e fez acordo para o pagamento. A data-base de 2016\/2017 foi parcelada em tr\u00eas vezes, com a \u00faltima parcela sendo paga neste m\u00eas de setembro e a data-base de 2017\/2018 ser\u00e1 paga em parcela \u00fanica na folha do m\u00eas de novembro deste ano.<\/p>\n<p class=\"yiv8041169605MsoNormal\">Quanto \u00e0s\u00a0<b>progress\u00f5es<\/b>, Carlesse deu andamento aos tr\u00e2mites burocr\u00e1ticos. No \u00faltimo dia 24 de julho, o governador assinou ato indicando quais servidores estavam aptos para progress\u00e3o. Os nomes foram publicados no Di\u00e1rio Oficial e correspondem a evolu\u00e7\u00f5es funcionais que estavam em atraso desde o ano de 2008 at\u00e9 2017.<\/p>\n<p class=\"yiv8041169605MsoNormal\">O Governo tamb\u00e9m cumpriu a decis\u00e3o judicial que garantiu progress\u00e3o de 302 policiais civis. Os nomes foram publicados no Di\u00e1rio Oficial do Estado (DOE) na \u00faltima sexta-feira, 24, e os contemplados passar\u00e3o a receber os novos valores j\u00e1 no pr\u00f3ximo pagamento.<\/p>\n<p class=\"yiv8041169605MsoNormal\">Carlesse tamb\u00e9m deu ordens para que sua equipe regularizasse as d\u00edvidas do Estado junto \u00e0s institui\u00e7\u00f5es financeiras (consignados) e referentes aos repasses para Previd\u00eancia estadual, atrasados pela gest\u00e3o anterior. J\u00e1 os cursos promovidos pela Universidade Corporativa do Estado do Tocantins (Unicet) continuam capacitando os servidores nos 139 munic\u00edpios do Tocantins.<\/p>\n<p class=\"yiv8041169605MsoNormal\"><b>Concursos<\/b><\/p>\n<p class=\"yiv8041169605MsoNormal\">As pend\u00eancias referentes aos\u00a0<b>concursos p\u00fablicos da Pol\u00edcia Civil e Defesa Social<\/b>\u00a0(atual Cidadania e Justi\u00e7a) tamb\u00e9m foram resolvidos na gest\u00e3o de Carlesse. 60 aprovados no \u00faltimo certame da Seguran\u00e7a P\u00fablica foram convocados para atuar no combate \u00e0 criminalidade nos munic\u00edpios do interior do Estado. J\u00e1 na Cidadania e Justi\u00e7a, Carlesse homologou as matr\u00edculas do cadastro de reserva no curso de forma\u00e7\u00e3o para o Sistema Prisional.<\/p>\n<p class=\"yiv8041169605MsoNormal\">Sobre o\u00a0<b>concurso da Pol\u00edcia Militar<\/b>, o Governo segue aguardando decis\u00e3o do Poder Judici\u00e1rio para decidir as pr\u00f3ximas medidas. \u201cBuscaremos solucionar a quest\u00e3o dos concursos p\u00fablicos em andamento e torn\u00e1-los instrumento habitual de acesso democr\u00e1tico ao servi\u00e7o p\u00fablico\u201d, garantiu Carlesse.<\/p>\n","protected":false},"excerpt":{"rendered":"<p>Desde que assumiu o Executivo estadual em mar\u00e7o deste ano, o Governador e candidato \u00e0 reelei\u00e7\u00e3o pela coliga\u00e7\u00e3o Governo de Atitude, Mauro Carlesse (PHS), colocou fim a desvaloriza\u00e7\u00e3o que os servidores p\u00fablicos vinham sofrendo. Mais do que discursos, a gest\u00e3o implantou a\u00e7\u00f5es concretas que tiveram grande impacto positivo, tanto para os profissionais quanto para a [&hellip;]<\/p>\n","protected":false},"author":2,"featured_media":1115,"comment_status":"open","ping_status":"open","sticky":false,"template":"","format":"standard","meta":[],"categories":[2,4],"tags":[],"_links":{"self":[{"href":"https:\/\/dgospel.com.br\/portal\/index.php\/wp-json\/wp\/v2\/posts\/1113"}],"collection":[{"href":"https:\/\/dgospel.com.br\/portal\/index.php\/wp-json\/wp\/v2\/posts"}],"about":[{"href":"https:\/\/dgospel.com.br\/portal\/index.php\/wp-json\/wp\/v2\/types\/post"}],"author":[{"embeddable":true,"href":"https:\/\/dgospel.com.br\/portal\/index.php\/wp-json\/wp\/v2\/users\/2"}],"replies":[{"embeddable":true,"href":"https:\/\/dgospel.com.br\/portal\/index.php\/wp-json\/wp\/v2\/comments?post=1113"}],"version-history":[{"count":1,"href":"https:\/\/dgospel.com.br\/portal\/index.php\/wp-json\/wp\/v2\/posts\/1113\/revisions"}],"predecessor-version":[{"id":1116,"href":"https:\/\/dgospel.com.br\/portal\/index.php\/wp-json\/wp\/v2\/posts\/1113\/revisions\/1116"}],"wp:featuredmedia":[{"embeddable":true,"href":"https:\/\/dgospel.com.br\/portal\/index.php\/wp-json\/wp\/v2\/media\/1115"}],"wp:attachment":[{"href":"https:\/\/dgospel.com.br\/portal\/index.php\/wp-json\/wp\/v2\/media?parent=1113"}],"wp:term":[{"taxonomy":"category","embeddable":true,"href":"https:\/\/dgospel.com.br\/portal\/index.php\/wp-json\/wp\/v2\/categories?post=1113"},{"taxonomy":"post_tag","embeddable":true,"href":"https:\/\/dgospel.com.br\/portal\/index.php\/wp-json\/wp\/v2\/tags?post=1113"}],"curies":[{"name":"wp","href":"https:\/\/api.w.org\/{rel}","templated":true}]}}