{"id":11132,"date":"2022-04-28T19:14:43","date_gmt":"2022-04-28T22:14:43","guid":{"rendered":"http:\/\/dgospel.com.br\/portal\/?p=11132"},"modified":"2022-04-28T19:14:43","modified_gmt":"2022-04-28T22:14:43","slug":"sergio-moro-comenta-decisao-da-onu-sobre-julgamento-de-lula","status":"publish","type":"post","link":"https:\/\/dgospel.com.br\/portal\/index.php\/2022\/04\/28\/sergio-moro-comenta-decisao-da-onu-sobre-julgamento-de-lula\/","title":{"rendered":"Sergio Moro comenta decis\u00e3o da ONU sobre julgamento de Lula"},"content":{"rendered":"\n<p> O ex-ministro\u00a0<a rel=\"noreferrer noopener\" href=\"http:\/\/pleno.news\/tag\/sergio-moro\" target=\"_blank\">Sergio Moro<\/a>\u00a0comentou a conclus\u00e3o do Comit\u00ea de Direitos Humanos da Organiza\u00e7\u00e3o das Na\u00e7\u00f5es Unidas (<a rel=\"noreferrer noopener\" href=\"http:\/\/pleno.news\/tag\/onu\" target=\"_blank\">ONU<\/a>) que o considerou parcial no julgamento dos processos contra o ex-presidente\u00a0<a rel=\"noreferrer noopener\" href=\"http:\/\/pleno.news\/tag\/lula\" target=\"_blank\">Lula<\/a>. Em nota, o ex-juiz da Lava Jato ressaltou que a condena\u00e7\u00e3o do petista passou por tr\u00eas inst\u00e2ncias do Judici\u00e1rio brasileiro. <\/p>\n\n\n\n<p> \u2013 O ex-presidente Lula foi condenado por corrup\u00e7\u00e3o em tr\u00eas inst\u00e2ncias do Judici\u00e1rio e pelas m\u00e3os de nove magistrados. Sua pris\u00e3o foi autorizada pelo STF em mar\u00e7o de 2018 \u2013 afirmou o ex-juiz. <\/p>\n\n\n\n<p>Moro ressaltou que o julgamento do petista \u201cfoi uma a\u00e7\u00e3o institucional decorrente da corrup\u00e7\u00e3o descoberta na Petrobras\u201d e destacou que a empresa j\u00e1 recuperou cerca de 6 bilh\u00f5es de reais por causa do trabalho da Opera\u00e7\u00e3o Lava Jato. O ex-juiz ainda declarou que s\u00f3 vai se pronunciar sobre o relat\u00f3rio em si quando tiver acesso ao conte\u00fado do documento.<\/p>\n\n\n\n<p><strong>DECIS\u00c3O DO COMIT\u00ca DA ONU<br><\/strong>O Comit\u00ea de Direitos Humanos da Organiza\u00e7\u00e3o das Na\u00e7\u00f5es Unidas (ONU) concluiu que, no \u00e2mbito da Lava Jato, o ex-juiz Sergio Moro foi parcial no julgamento dos processos contra o ex-presidente Luiz In\u00e1cio Lula da Silva (PT).<\/p>\n\n\n\n<p>Ainda segundo o comit\u00ea da ONU, os direitos pol\u00edticos do petista foram violados em 2018, quando ele foi impedido de disputar as elei\u00e7\u00f5es. Lula foi representado na ONU pelos advogados Valeska Zanin Martins e Cristiano Zanin Martins. O brit\u00e2nico Geoffrey Robertson tamb\u00e9m representou o petista.<\/p>\n\n\n\n<p>Nesta quinta-feira (28), o colegiado da ONU divulgou a \u00edntegra da decis\u00e3o, na qual determinou que o governo brasileiro d\u00ea ampla publicidade \u00e0s conclus\u00f5es e promova a repara\u00e7\u00e3o de danos causados pela Lava Jato a Lula. Na pr\u00e1tica, entretanto, a decis\u00e3o da ONU n\u00e3o deve trazer san\u00e7\u00f5es ao pa\u00eds ou aos integrantes da Lava Jato, mas ser\u00e1 usada por Lula e seus aliados para cobrar indeniza\u00e7\u00f5es.<\/p>\n","protected":false},"excerpt":{"rendered":"<p>O ex-ministro\u00a0Sergio Moro\u00a0comentou a conclus\u00e3o do Comit\u00ea de Direitos Humanos da Organiza\u00e7\u00e3o das Na\u00e7\u00f5es Unidas (ONU) que o considerou parcial no julgamento dos processos contra o ex-presidente\u00a0Lula. Em nota, o ex-juiz da Lava Jato ressaltou que a condena\u00e7\u00e3o do petista passou por tr\u00eas inst\u00e2ncias do Judici\u00e1rio brasileiro. \u2013 O ex-presidente Lula foi condenado por corrup\u00e7\u00e3o [&hellip;]<\/p>\n","protected":false},"author":2,"featured_media":11133,"comment_status":"open","ping_status":"open","sticky":false,"template":"","format":"standard","meta":[],"categories":[4],"tags":[],"_links":{"self":[{"href":"https:\/\/dgospel.com.br\/portal\/index.php\/wp-json\/wp\/v2\/posts\/11132"}],"collection":[{"href":"https:\/\/dgospel.com.br\/portal\/index.php\/wp-json\/wp\/v2\/posts"}],"about":[{"href":"https:\/\/dgospel.com.br\/portal\/index.php\/wp-json\/wp\/v2\/types\/post"}],"author":[{"embeddable":true,"href":"https:\/\/dgospel.com.br\/portal\/index.php\/wp-json\/wp\/v2\/users\/2"}],"replies":[{"embeddable":true,"href":"https:\/\/dgospel.com.br\/portal\/index.php\/wp-json\/wp\/v2\/comments?post=11132"}],"version-history":[{"count":1,"href":"https:\/\/dgospel.com.br\/portal\/index.php\/wp-json\/wp\/v2\/posts\/11132\/revisions"}],"predecessor-version":[{"id":11134,"href":"https:\/\/dgospel.com.br\/portal\/index.php\/wp-json\/wp\/v2\/posts\/11132\/revisions\/11134"}],"wp:featuredmedia":[{"embeddable":true,"href":"https:\/\/dgospel.com.br\/portal\/index.php\/wp-json\/wp\/v2\/media\/11133"}],"wp:attachment":[{"href":"https:\/\/dgospel.com.br\/portal\/index.php\/wp-json\/wp\/v2\/media?parent=11132"}],"wp:term":[{"taxonomy":"category","embeddable":true,"href":"https:\/\/dgospel.com.br\/portal\/index.php\/wp-json\/wp\/v2\/categories?post=11132"},{"taxonomy":"post_tag","embeddable":true,"href":"https:\/\/dgospel.com.br\/portal\/index.php\/wp-json\/wp\/v2\/tags?post=11132"}],"curies":[{"name":"wp","href":"https:\/\/api.w.org\/{rel}","templated":true}]}}