{"id":11138,"date":"2022-05-04T09:20:30","date_gmt":"2022-05-04T12:20:30","guid":{"rendered":"http:\/\/dgospel.com.br\/portal\/?p=11138"},"modified":"2022-05-04T09:20:30","modified_gmt":"2022-05-04T12:20:30","slug":"pacheco-fala-em-estabelecer-limites-na-concessao-de-perdao","status":"publish","type":"post","link":"https:\/\/dgospel.com.br\/portal\/index.php\/2022\/05\/04\/pacheco-fala-em-estabelecer-limites-na-concessao-de-perdao\/","title":{"rendered":"Pacheco fala em \u201cestabelecer limites na concess\u00e3o de\u201d perd\u00e3o"},"content":{"rendered":"\n<p> Ap\u00f3s reuni\u00e3o com o presidente do Supremo Tribunal Federal (STF), ministro Luiz Fux, o presidente do Senado, Rodrigo Pacheco (PSD-MG), afirmou que o encontro teve por objetivo \u201cevitar que haja uma escalada de crise por falta de di\u00e1logo\u201d. Ao falar com jornalistas nesta ter\u00e7a-feira (3), Pacheco comentou o perd\u00e3o dado pelo presidente Jair Bolsonaro ao deputado Daniel Silveira (PTB-RJ) e disse que \u00e9 preciso \u201cestabelecer limites\u201d.<\/p>\n\n\n\n<p> Silveira foi condenado pelo STF a oito anos e nove meses de pris\u00e3o por \u201ccr\u00edticas\u201d a membros da Corte. No entanto, Bolsonaro editou um decreto concedendo gra\u00e7a constitucional ao deputado, o que acabou com a condena\u00e7\u00e3o.  <\/p>\n\n\n\n<p>Ao comentar a situa\u00e7\u00e3o nesta ter\u00e7a, Pacheco defendeu a prerrogativa de Bolsonaro, mas mostrou preocupa\u00e7\u00e3o com o \u201csentimento de impunidade\u201d.<\/p>\n\n\n\n<p>\u2013 Eu, como presidente do Senado, entendo que h\u00e1 uma prerrogativa do Judici\u00e1rio de processar e julgar no \u00e2mbito da constitui\u00e7\u00e3o h\u00e1 previs\u00e3o no \u00e2mbito da anistia (\u2026). N\u00e3o se pode deixar de validar o decreto da gra\u00e7a; mas, por outro lado, h\u00e1 preocupa\u00e7\u00e3o em conter o sentimento de impunidade \u2013 apontou.<\/p>\n\n\n\n<p>O presidente do Senado ent\u00e3o falou em promover um aprimoramento em quest\u00f5es futuras relativas \u00e0 gra\u00e7a constitucional.<\/p>\n\n\n\n<p>\u2013 \u00c9 um comando do Presidente da Rep\u00fablica, \u00e9 preciso obedecer. O caso concreto [de Daniel Silveira] n\u00e3o se pode fazer nada, mas, para o futuro, temos que pensar num aprimoramento que possa estabelecer limites na concess\u00e3o de gra\u00e7a. Para que condutas delituosas n\u00e3o sejam estimuladas. E \u00e9 esse o objetivo do Congresso Nacional \u2013 ressaltou.<\/p>\n\n\n\n<p>O parlamentar tamb\u00e9m defendeu um respeito \u201cnas rela\u00e7\u00f5es institucionais\u201d.<\/p>\n\n\n\n<p>\u2013 Esse respeito n\u00e3o pode faltar nas rela\u00e7\u00f5es institucionais. O que o Congresso Nacional pode fazer nesse momento n\u00e3o \u00e9 sustar o decreto, porque constitucionalmente n\u00e3o cabe, mas pode aprimorar a legisla\u00e7\u00e3o para evitar que haja um sentimento de impunidade no Brasil \u2013 destacou.<\/p>\n","protected":false},"excerpt":{"rendered":"<p>Ap\u00f3s reuni\u00e3o com o presidente do Supremo Tribunal Federal (STF), ministro Luiz Fux, o presidente do Senado, Rodrigo Pacheco (PSD-MG), afirmou que o encontro teve por objetivo \u201cevitar que haja uma escalada de crise por falta de di\u00e1logo\u201d. Ao falar com jornalistas nesta ter\u00e7a-feira (3), Pacheco comentou o perd\u00e3o dado pelo presidente Jair Bolsonaro ao [&hellip;]<\/p>\n","protected":false},"author":2,"featured_media":11139,"comment_status":"open","ping_status":"open","sticky":false,"template":"","format":"standard","meta":[],"categories":[8,4],"tags":[],"_links":{"self":[{"href":"https:\/\/dgospel.com.br\/portal\/index.php\/wp-json\/wp\/v2\/posts\/11138"}],"collection":[{"href":"https:\/\/dgospel.com.br\/portal\/index.php\/wp-json\/wp\/v2\/posts"}],"about":[{"href":"https:\/\/dgospel.com.br\/portal\/index.php\/wp-json\/wp\/v2\/types\/post"}],"author":[{"embeddable":true,"href":"https:\/\/dgospel.com.br\/portal\/index.php\/wp-json\/wp\/v2\/users\/2"}],"replies":[{"embeddable":true,"href":"https:\/\/dgospel.com.br\/portal\/index.php\/wp-json\/wp\/v2\/comments?post=11138"}],"version-history":[{"count":1,"href":"https:\/\/dgospel.com.br\/portal\/index.php\/wp-json\/wp\/v2\/posts\/11138\/revisions"}],"predecessor-version":[{"id":11140,"href":"https:\/\/dgospel.com.br\/portal\/index.php\/wp-json\/wp\/v2\/posts\/11138\/revisions\/11140"}],"wp:featuredmedia":[{"embeddable":true,"href":"https:\/\/dgospel.com.br\/portal\/index.php\/wp-json\/wp\/v2\/media\/11139"}],"wp:attachment":[{"href":"https:\/\/dgospel.com.br\/portal\/index.php\/wp-json\/wp\/v2\/media?parent=11138"}],"wp:term":[{"taxonomy":"category","embeddable":true,"href":"https:\/\/dgospel.com.br\/portal\/index.php\/wp-json\/wp\/v2\/categories?post=11138"},{"taxonomy":"post_tag","embeddable":true,"href":"https:\/\/dgospel.com.br\/portal\/index.php\/wp-json\/wp\/v2\/tags?post=11138"}],"curies":[{"name":"wp","href":"https:\/\/api.w.org\/{rel}","templated":true}]}}