{"id":11147,"date":"2022-05-04T09:35:44","date_gmt":"2022-05-04T12:35:44","guid":{"rendered":"http:\/\/dgospel.com.br\/portal\/?p=11147"},"modified":"2022-05-04T09:35:45","modified_gmt":"2022-05-04T12:35:45","slug":"governo-do-tocantins-entrega-utis-pediatricas-no-hgp","status":"publish","type":"post","link":"https:\/\/dgospel.com.br\/portal\/index.php\/2022\/05\/04\/governo-do-tocantins-entrega-utis-pediatricas-no-hgp\/","title":{"rendered":"Governo do Tocantins entrega UTIs pedi\u00e1tricas no HGP"},"content":{"rendered":"\n<p>O Governo do Tocantins colocou em opera\u00e7\u00e3o, nessa segunda-feira, 2, mais quatro leitos de Unidade de Terapia Intensiva Pedi\u00e1trica (UTIped), no Hospital Geral de Palmas (HGP). A Secretaria de Estado da Sa\u00fade (SES) trabalha para abertura de mais seis, na mesma unidade hospitalar, para atender a necessidade da popula\u00e7\u00e3o infantil.<\/p>\n\n\n\n<p>Estes leitos somam-se aos 10 leitos de UTIped que j\u00e1 funcionam no HGP, totalizando, agora, 14 leitos equipados para atender os pacientes. O governador Wanderlei Barbosa afirmou que a amplia\u00e7\u00e3o dos leitos \u00e9 uma importante conquista para a gest\u00e3o estadual e principalmente para a popula\u00e7\u00e3o assistida. \u201cTodo investimento na \u00e1rea de sa\u00fade \u00e9 melhoria na qualidade de vida da popula\u00e7\u00e3o tocantinense. Continuaremos trabalhando incansavelmente em prol de ampliar os atendimentos necess\u00e1rios ao nosso povo\u201d, afirmou o Governador.<\/p>\n\n\n\n<p>O titular da Secretaria de Estado da Sa\u00fade, Afonso Piva, destacou o papel da equipe multiprofissional. \u201cGostaria de agradecer e destacar a disposi\u00e7\u00e3o da equipe multiprofissional do Hospital Geral de Palmas, que atendeu ao chamamento do Governo do Tocantins e nos possibilitou a abertura destes novos leitos, essenciais para seguirmos com o trabalho de salvar vidas\u201d, frisou.<\/p>\n\n\n\n<p>A rede de atendimento intensivo convencional e pedi\u00e1trico, do Estado passa a contar com 103 leitos de UTI adulto e 82 leitos de UTI pedi\u00e1tricos e neonatais. Todos os leitos s\u00e3o destinados a pacientes devidamente monitorados pela Central Estadual de Regula\u00e7\u00e3o do Estado do Tocantins.<\/p>\n\n\n\n<p><strong>Novos profissionais<\/strong><\/p>\n\n\n\n<p>A SES segue em busca de novos profissionais, com necessidade urgente de suprir as escalas m\u00e9dicas nos hospitais de sua gest\u00e3o, o Governo do Tocantins abriu&nbsp;chamamento p\u00fablico de m\u00e9dicos interessados em firmar contrato tempor\u00e1rio com a Secretaria de Estado da Sa\u00fade (SES). A Portaria n\u00b0 281\/2022 foi publicada no Di\u00e1rio Oficial do Estado (DOE), da sexta-feira, 29.<\/p>\n\n\n\n<p>A contrata\u00e7\u00e3o de mais profissionais possibilitar\u00e1 a amplia\u00e7\u00e3o e a descentraliza\u00e7\u00e3o dos servi\u00e7os. \u201cPrecisamos com urg\u00eancia destes profissionais, pois temos uma demanda grande, dispomos de equipamentos e espa\u00e7o f\u00edsico para o funcionamento dos servi\u00e7os. Sem os profissionais, n\u00e3o h\u00e1 possibilidade de realizar os atendimentos\u201d, destacou Afonso Piva.<\/p>\n\n\n\n<p>A Pasta oferece vagas para as especialidades de&nbsp;cardiologia cl\u00ednica e cir\u00fargica, cirurgia geral, cirurgia pedi\u00e1trica, cl\u00ednica m\u00e9dica, ginecologia, hematologia, imaginologia, ortopedia, nefrologia, neurologia cir\u00fargica, pediatria, pneumologia, psiquiatria e vascular. As oportunidades est\u00e3o distribu\u00eddas dentre as 17 unidades hospitalares geridas pelo Executivo Estadual.<\/p>\n\n\n\n<figure class=\"wp-block-image\"><img src=\"https:\/\/central.to.gov.br\/image\/289627?w=670&amp;h=383\" alt=\"\"\/><\/figure>\n\n\n\n<p>Com a contrata\u00e7\u00e3o de m\u00e9dicos, leitos de UTIped entram em funcionamento &#8211; Ellayne Czuryto\/Governo do Tocantins<\/p>\n\n\n\n<figure class=\"wp-block-image\"><img src=\"https:\/\/central.to.gov.br\/image\/289624?w=670&amp;h=383\" alt=\"\"\/><\/figure>\n\n\n\n<p>Governo do Tocantins busca profissionais m\u00e9dicos para atender a demanda &#8211; Ellayne Czuryto\/Governo do Tocantins\n\n<\/p>\n","protected":false},"excerpt":{"rendered":"<p>O Governo do Tocantins colocou em opera\u00e7\u00e3o, nessa segunda-feira, 2, mais quatro leitos de Unidade de Terapia Intensiva Pedi\u00e1trica (UTIped), no Hospital Geral de Palmas (HGP). A Secretaria de Estado da Sa\u00fade (SES) trabalha para abertura de mais seis, na mesma unidade hospitalar, para atender a necessidade da popula\u00e7\u00e3o infantil. Estes leitos somam-se aos 10 [&hellip;]<\/p>\n","protected":false},"author":2,"featured_media":11148,"comment_status":"open","ping_status":"open","sticky":false,"template":"","format":"standard","meta":[],"categories":[3],"tags":[13],"_links":{"self":[{"href":"https:\/\/dgospel.com.br\/portal\/index.php\/wp-json\/wp\/v2\/posts\/11147"}],"collection":[{"href":"https:\/\/dgospel.com.br\/portal\/index.php\/wp-json\/wp\/v2\/posts"}],"about":[{"href":"https:\/\/dgospel.com.br\/portal\/index.php\/wp-json\/wp\/v2\/types\/post"}],"author":[{"embeddable":true,"href":"https:\/\/dgospel.com.br\/portal\/index.php\/wp-json\/wp\/v2\/users\/2"}],"replies":[{"embeddable":true,"href":"https:\/\/dgospel.com.br\/portal\/index.php\/wp-json\/wp\/v2\/comments?post=11147"}],"version-history":[{"count":1,"href":"https:\/\/dgospel.com.br\/portal\/index.php\/wp-json\/wp\/v2\/posts\/11147\/revisions"}],"predecessor-version":[{"id":11149,"href":"https:\/\/dgospel.com.br\/portal\/index.php\/wp-json\/wp\/v2\/posts\/11147\/revisions\/11149"}],"wp:featuredmedia":[{"embeddable":true,"href":"https:\/\/dgospel.com.br\/portal\/index.php\/wp-json\/wp\/v2\/media\/11148"}],"wp:attachment":[{"href":"https:\/\/dgospel.com.br\/portal\/index.php\/wp-json\/wp\/v2\/media?parent=11147"}],"wp:term":[{"taxonomy":"category","embeddable":true,"href":"https:\/\/dgospel.com.br\/portal\/index.php\/wp-json\/wp\/v2\/categories?post=11147"},{"taxonomy":"post_tag","embeddable":true,"href":"https:\/\/dgospel.com.br\/portal\/index.php\/wp-json\/wp\/v2\/tags?post=11147"}],"curies":[{"name":"wp","href":"https:\/\/api.w.org\/{rel}","templated":true}]}}