{"id":1117,"date":"2018-08-27T16:46:06","date_gmt":"2018-08-27T19:46:06","guid":{"rendered":"http:\/\/dgospel.com.br\/portal\/?p=1117"},"modified":"2018-08-27T16:46:06","modified_gmt":"2018-08-27T19:46:06","slug":"cinthia-ribeiro-participa-de-debates-sobre-transporte-sustentavel-em-evento-do-banco-mundial","status":"publish","type":"post","link":"https:\/\/dgospel.com.br\/portal\/index.php\/2018\/08\/27\/cinthia-ribeiro-participa-de-debates-sobre-transporte-sustentavel-em-evento-do-banco-mundial\/","title":{"rendered":"Cinthia Ribeiro participa de debates sobre transporte sustent\u00e1vel em evento do Banco Mundial"},"content":{"rendered":"<div>\n<p class=\"yiv3351614836MsoNormal\">A prefeita Cinthia Ribeiro participa nesta segunda-feira, 27, em Foz do Igua\u00e7u (SC), do evento Green Your Bus Ride onde acontecem discuss\u00f5es com alternativas tecnol\u00f3gicas para descarboniza\u00e7\u00e3o dos meios de transporte.\u00a0 O evento \u00e9 organizado pelo Banco Mundial e seus parceiros, a organiza\u00e7\u00e3o n\u00e3o governamental (ONG) World Resources Institute e a Ag\u00eancia Alem\u00e3 para Coopera\u00e7\u00e3o Internacional (GIZ), e aborda o transporte sustent\u00e1vel atrav\u00e9s de solu\u00e7\u00f5es que beneficiem de forma harm\u00f4nica o sistema de transporte, o meio ambiente e a gera\u00e7\u00e3o de energia.<\/p>\n<p class=\"yiv3351614836MsoNormal\">\n<p class=\"yiv3351614836MsoNormal\">Participam do encontro especialistas e gestores brasileiros e de v\u00e1rias partes da Am\u00e9rica Latina. Al\u00e9m da prefeita, tamb\u00e9m representa Palmas a secret\u00e1ria municipal de Seguran\u00e7a e Mobilidade Urbana, a tenente-coronel Welere Gomes Barbosa.<\/p>\n<p class=\"yiv3351614836MsoNormal\">\n<p class=\"yiv3351614836MsoNormal\">Neste primeiro dia de evento, ser\u00e3o apresentadas experi\u00eancias sobre tecnologias usadas em transporte mais limpo realizadas em Madri, na Espanha, em Shenzhen, na China, Bengaluru, na \u00cdndia, e no estado da Calif\u00f3rnia, nos Estados Unidos. Outro tema que ser\u00e1 discutido trata das implica\u00e7\u00f5es no setor energ\u00e9tico da eletromobilidade. O encontro segue at\u00e9 a pr\u00f3xima quinta-feira, 30.<\/p>\n<p class=\"yiv3351614836MsoNormal\">\n<p class=\"yiv3351614836MsoNormal\">Cinthia Ribeiro foi a \u00fanica prefeita convidada para o evento. Sobre o encontro, ela afirma que o convite \u00e9 uma oportunidade \u00fanica e ressalta o reconhecimento de Palmas como uma cidade no caminho certo em busca do patamar de cidades inteligentes.<\/p>\n<p class=\"yiv3351614836MsoNormal\">\n<p class=\"yiv3351614836MsoNormal\">O transporte, segundo o Banco Mundial, \u00e9 respons\u00e1vel pela emiss\u00e3o de um ter\u00e7o de toda a emiss\u00e3o de g\u00e1s carb\u00f4nico na Am\u00e9rica Latina e regi\u00e3o caribenha. Palmas participou das discuss\u00f5es originais no assunto em novembro de 2017, na Alemanha, na 23\u00aa sess\u00e3o da Confer\u00eancia das Partes (COP 23).<\/p>\n<p class=\"yiv3351614836MsoNormal\">\n<\/div>\n<div><\/div>\n<p>&nbsp;<\/p>\n","protected":false},"excerpt":{"rendered":"<p>A prefeita Cinthia Ribeiro participa nesta segunda-feira, 27, em Foz do Igua\u00e7u (SC), do evento Green Your Bus Ride onde acontecem discuss\u00f5es com alternativas tecnol\u00f3gicas para descarboniza\u00e7\u00e3o dos meios de transporte.\u00a0 O evento \u00e9 organizado pelo Banco Mundial e seus parceiros, a organiza\u00e7\u00e3o n\u00e3o governamental (ONG) World Resources Institute e a Ag\u00eancia Alem\u00e3 para Coopera\u00e7\u00e3o [&hellip;]<\/p>\n","protected":false},"author":2,"featured_media":1118,"comment_status":"open","ping_status":"open","sticky":false,"template":"","format":"standard","meta":[],"categories":[2,4],"tags":[],"_links":{"self":[{"href":"https:\/\/dgospel.com.br\/portal\/index.php\/wp-json\/wp\/v2\/posts\/1117"}],"collection":[{"href":"https:\/\/dgospel.com.br\/portal\/index.php\/wp-json\/wp\/v2\/posts"}],"about":[{"href":"https:\/\/dgospel.com.br\/portal\/index.php\/wp-json\/wp\/v2\/types\/post"}],"author":[{"embeddable":true,"href":"https:\/\/dgospel.com.br\/portal\/index.php\/wp-json\/wp\/v2\/users\/2"}],"replies":[{"embeddable":true,"href":"https:\/\/dgospel.com.br\/portal\/index.php\/wp-json\/wp\/v2\/comments?post=1117"}],"version-history":[{"count":1,"href":"https:\/\/dgospel.com.br\/portal\/index.php\/wp-json\/wp\/v2\/posts\/1117\/revisions"}],"predecessor-version":[{"id":1119,"href":"https:\/\/dgospel.com.br\/portal\/index.php\/wp-json\/wp\/v2\/posts\/1117\/revisions\/1119"}],"wp:featuredmedia":[{"embeddable":true,"href":"https:\/\/dgospel.com.br\/portal\/index.php\/wp-json\/wp\/v2\/media\/1118"}],"wp:attachment":[{"href":"https:\/\/dgospel.com.br\/portal\/index.php\/wp-json\/wp\/v2\/media?parent=1117"}],"wp:term":[{"taxonomy":"category","embeddable":true,"href":"https:\/\/dgospel.com.br\/portal\/index.php\/wp-json\/wp\/v2\/categories?post=1117"},{"taxonomy":"post_tag","embeddable":true,"href":"https:\/\/dgospel.com.br\/portal\/index.php\/wp-json\/wp\/v2\/tags?post=1117"}],"curies":[{"name":"wp","href":"https:\/\/api.w.org\/{rel}","templated":true}]}}