{"id":11172,"date":"2022-05-09T15:57:22","date_gmt":"2022-05-09T18:57:22","guid":{"rendered":"http:\/\/dgospel.com.br\/portal\/?p=11172"},"modified":"2022-05-09T15:57:23","modified_gmt":"2022-05-09T18:57:23","slug":"governo-do-tocantins-contrata-estagiarios-para-atuacao-na-agrotins-2022","status":"publish","type":"post","link":"https:\/\/dgospel.com.br\/portal\/index.php\/2022\/05\/09\/governo-do-tocantins-contrata-estagiarios-para-atuacao-na-agrotins-2022\/","title":{"rendered":"Governo do Tocantins contrata estagi\u00e1rios para atua\u00e7\u00e3o na Agrotins 2022"},"content":{"rendered":"\n<p>A Feira de Tecnologia Agropecu\u00e1ria do Tocantins (Agrotins 2022) vai contar com uma for\u00e7a a mais nesta edi\u00e7\u00e3o. Por meio do Programa Estadual Oportunidade Jovem, 42 estudantes de diversas \u00e1reas acad\u00eamicas foram contratados para colaborarem com a realiza\u00e7\u00e3o do evento. A feira ocorrer\u00e1 de 10 a 14 de maio, no Parque Agrotecnol\u00f3gico do Tocantins, na rodovia TO-050, em Palmas, sa\u00edda para Porto Nacional.<\/p>\n\n\n\n<p>Os estagi\u00e1rios foram recepcionados nesta segunda-feira, 9, pelos gestores do Instituto de Desenvolvimento Rural do Tocantins (Ruraltins), o presidente Washington Ayres, e o vice-presidente Almir Batista; e o secret\u00e1rio de Estado da Administra\u00e7\u00e3o, Rafael Sulino de Castro, no Centro de Treinamento e Capacita\u00e7\u00e3o em Tecnologia Agropecu\u00e1ria e Extens\u00e3o Rural (CTC Agro).<\/p>\n\n\n\n<p>Na ocasi\u00e3o, o secret\u00e1rio de Estado da Administra\u00e7\u00e3o, Rafael Sulino, reiterou o papel do Governo do Tocantins em promover oportunidades de est\u00e1gio dentro da sua estrutura. \u201cVoc\u00eas est\u00e3o tendo uma oportunidade maravilhosa para colocar em pr\u00e1tica o conhecimento que foi adquirido na faculdade. Por meio do programa de est\u00e1gio, o Governo tem fomentado uma maior profissionaliza\u00e7\u00e3o aos nossos jovens, por isso \u00e9 importante aproveitar ao m\u00e1ximo essa experi\u00eancia para aprender ainda mais\u201d, ressaltou.<\/p>\n\n\n\n<p>O presidente do Ruraltins, Washington Ayres, colocou o \u00f3rg\u00e3o \u00e0 disposi\u00e7\u00e3o dos acad\u00eamicos, incentivando-os a aproveitarem a oportunidade. \u201cEsse \u00e9 um momento de colocar em pr\u00e1tica o que eles veem em sala de aula, e essa oportunidade de atuar na maior feira da regi\u00e3o Norte do Brasil. Que eles possam tirar proveito desse programa que vem para colaborar com a profissionaliza\u00e7\u00e3o dos jovens tocantinenses\u201d, destacou.<\/p>\n\n\n\n<p>Para o diretor de Ci\u00eancia, Tecnologia e Inova\u00e7\u00e3o do Ruraltins, Kin Gomides, respons\u00e1vel pela condu\u00e7\u00e3o desses jovens na Agrotins, o objetivo \u00e9 trazer a universidade para dentro do universo agro na Feira. \u201cNossa inten\u00e7\u00e3o \u00e9 apresentar a esses jovens uma vers\u00e3o do que a gente realizou durante o ano, dos trabalhos que foram implantados, das vitrines que ser\u00e3o apresentadas, da participa\u00e7\u00e3o nas palestras e, ao mesmo tempo, eles ter\u00e3o a oportunidade de observar a rela\u00e7\u00e3o do extensionista com o produtor. Ser\u00e1 tamb\u00e9m uma oportunidade de aprender, assimilar o conhecimento e, ao mesmo tempo, observar com a \u00f3tica profissional e n\u00e3o mais uma \u00f3tica acad\u00eamica, como \u00e9 a realiza\u00e7\u00e3o da Agrotins, dos bastidores, tanto na parte da implanta\u00e7\u00e3o para realiza\u00e7\u00e3o da feira quanto a pr\u00f3pria feira em si\u201d, explicou.<\/p>\n\n\n\n<p>Para o estudante de agronomia da Universidade Cat\u00f3lica do Tocantins, Jos\u00e9 Gomes de Brito, o est\u00e1gio contribui para direcionar o acad\u00eamico ao mercado de trabalho. \u201cQuando a gente entra nesse novo universo [est\u00e1gio], a gente acaba tendo acesso a muitas coisas vistas em sala de aula, uma oportunidade de atuar como estagi\u00e1rio acompanhado por profissionais da \u00e1rea agr\u00edcola, antes de acessar o mercado de trabalho, tendo um melhor direcionamento para definir a atividade, filtrar a nossa aptid\u00e3o e melhorar nossa qualifica\u00e7\u00e3o profissional\u201d, informou.<\/p>\n\n\n\n<p>A contrata\u00e7\u00e3o contemplou alunos das diversas \u00e1reas acad\u00eamicas, dentre elas: agronomia, zootecnia, agroneg\u00f3cio, medicina veterin\u00e1ria, engenharia ambiental, sanit\u00e1ria, nutri\u00e7\u00e3o e servi\u00e7o social. As institui\u00e7\u00f5es parceiras no projeto s\u00e3o: Universidade Estadual do Tocantins (Unitins), Universidade Luterana do Brasil (Ulbra), Centro Universit\u00e1rio Cat\u00f3lica do Tocantins (Unicat\u00f3lica) e Universidade Norte do Paran\u00e1 (Unopar).<\/p>\n\n\n\n<p><strong>Sobre o Programa<\/strong><\/p>\n\n\n\n<p>O programa&nbsp;<em>Oportunidade Jovem<\/em>&nbsp;\u00e9 uma iniciativa do Governo do Tocantins, que cria oportunidades e valoriza a capacidade \u00fanica de cada jovem que ter\u00e1 acesso ao emprego. Antes de tudo, o reconhecimento ao talento daqueles que optaram por uma voca\u00e7\u00e3o e que, com o Programa, ter\u00e3o espa\u00e7o para, n\u00e3o apenas colocar em pr\u00e1tica suas habilidades, mas apontar novos rumos para o crescimento do Tocantins.<\/p>\n\n\n\n<p>Os jovens, a partir de 16 anos de idade, regularmente matriculados em institui\u00e7\u00f5es de ensino, p\u00fablicos e privados, legalmente autorizados, reconhecidos ou credenciados, com frequ\u00eancia efetiva nos cursos de n\u00edvel m\u00e9dio, t\u00e9cnico e superior, podem participar. Os interessados devem fazer seu cadastro no site do Instituto Euvaldo Lodi (IEL), respons\u00e1veis pela condu\u00e7\u00e3o do processo de sele\u00e7\u00e3o, no endere\u00e7o&nbsp;<a href=\"http:\/\/iel-to.com.br\/\">http:\/\/iel-to.com.br\/<\/a>.&nbsp;<\/p>\n\n\n\n<p><strong>Realiza\u00e7\u00e3o<\/strong><\/p>\n\n\n\n<p>A feira \u00e9 uma realiza\u00e7\u00e3o do Governo do Tocantins, por meio da Secretaria de Estado da Agricultura, Pecu\u00e1ria e Aquicultura (Seagro), da Ag\u00eancia de Defesa Agropecu\u00e1ria (Adapec), do Instituto de Desenvolvimento Rural do Tocantins (Ruraltins), da Funda\u00e7\u00e3o de Amparo \u00e0 Pesquisa (Fapt) e da Tocantins Parcerias, em conjunto com empresas, institui\u00e7\u00f5es e \u00f3rg\u00e3os p\u00fablicos, de pesquisas e educacionais, entre outras.<\/p>\n\n\n\n<figure class=\"wp-block-image\"><img src=\"https:\/\/central.to.gov.br\/image\/290651?w=670&amp;h=383\" alt=\"\"\/><\/figure>\n\n\n\n<p>O presidente Washington Ayres colocou o \u00f3rg\u00e3o \u00e0 disposi\u00e7\u00e3o dos acad\u00eamicos, incentivando-os a aproveitarem a oportunidade &#8211; Delfino Miranda\/Governo do Tocantins.<\/p>\n\n\n\n<figure class=\"wp-block-image\"><img src=\"https:\/\/central.to.gov.br\/image\/290650?w=670&amp;h=383\" alt=\"\"\/><\/figure>\n\n\n\n<p>Iniciativa faz parte do Programa Estadual Oportunidade Jovem, em parceria com as universidades &#8211; Delfino Miranda\/Governo do Tocantins.<\/p>\n\n\n\n<figure class=\"wp-block-image\"><img src=\"https:\/\/central.to.gov.br\/image\/290649?w=670&amp;h=383\" alt=\"\"\/><\/figure>\n\n\n\n<p>Acad\u00eamicos foram recepcionados pelos gestores do Ruraltins Washington Ayres e o vice Almir Batista; e o secret\u00e1rio de Estado da Administra\u00e7\u00e3o, Rafael Sulino &#8211; Delfino Miranda\/Governo do Tocantins\n\n<\/p>\n","protected":false},"excerpt":{"rendered":"<p>A Feira de Tecnologia Agropecu\u00e1ria do Tocantins (Agrotins 2022) vai contar com uma for\u00e7a a mais nesta edi\u00e7\u00e3o. Por meio do Programa Estadual Oportunidade Jovem, 42 estudantes de diversas \u00e1reas acad\u00eamicas foram contratados para colaborarem com a realiza\u00e7\u00e3o do evento. A feira ocorrer\u00e1 de 10 a 14 de maio, no Parque Agrotecnol\u00f3gico do Tocantins, na [&hellip;]<\/p>\n","protected":false},"author":2,"featured_media":11173,"comment_status":"open","ping_status":"open","sticky":false,"template":"","format":"standard","meta":[],"categories":[3],"tags":[13],"_links":{"self":[{"href":"https:\/\/dgospel.com.br\/portal\/index.php\/wp-json\/wp\/v2\/posts\/11172"}],"collection":[{"href":"https:\/\/dgospel.com.br\/portal\/index.php\/wp-json\/wp\/v2\/posts"}],"about":[{"href":"https:\/\/dgospel.com.br\/portal\/index.php\/wp-json\/wp\/v2\/types\/post"}],"author":[{"embeddable":true,"href":"https:\/\/dgospel.com.br\/portal\/index.php\/wp-json\/wp\/v2\/users\/2"}],"replies":[{"embeddable":true,"href":"https:\/\/dgospel.com.br\/portal\/index.php\/wp-json\/wp\/v2\/comments?post=11172"}],"version-history":[{"count":1,"href":"https:\/\/dgospel.com.br\/portal\/index.php\/wp-json\/wp\/v2\/posts\/11172\/revisions"}],"predecessor-version":[{"id":11174,"href":"https:\/\/dgospel.com.br\/portal\/index.php\/wp-json\/wp\/v2\/posts\/11172\/revisions\/11174"}],"wp:featuredmedia":[{"embeddable":true,"href":"https:\/\/dgospel.com.br\/portal\/index.php\/wp-json\/wp\/v2\/media\/11173"}],"wp:attachment":[{"href":"https:\/\/dgospel.com.br\/portal\/index.php\/wp-json\/wp\/v2\/media?parent=11172"}],"wp:term":[{"taxonomy":"category","embeddable":true,"href":"https:\/\/dgospel.com.br\/portal\/index.php\/wp-json\/wp\/v2\/categories?post=11172"},{"taxonomy":"post_tag","embeddable":true,"href":"https:\/\/dgospel.com.br\/portal\/index.php\/wp-json\/wp\/v2\/tags?post=11172"}],"curies":[{"name":"wp","href":"https:\/\/api.w.org\/{rel}","templated":true}]}}