{"id":11175,"date":"2022-05-09T15:58:54","date_gmt":"2022-05-09T18:58:54","guid":{"rendered":"http:\/\/dgospel.com.br\/portal\/?p=11175"},"modified":"2022-05-09T15:58:55","modified_gmt":"2022-05-09T18:58:55","slug":"com-expectativa-de-movimentar-cerca-de-r-2-bilhoes-agrotins-2022-comeca-nesta-terca-feira","status":"publish","type":"post","link":"https:\/\/dgospel.com.br\/portal\/index.php\/2022\/05\/09\/com-expectativa-de-movimentar-cerca-de-r-2-bilhoes-agrotins-2022-comeca-nesta-terca-feira\/","title":{"rendered":"Com expectativa de movimentar cerca de R$ 2 bilh\u00f5es, Agrotins 2022 come\u00e7a nesta ter\u00e7a-feira"},"content":{"rendered":"\n<p>A 22\u00aa edi\u00e7\u00e3o da Feira de Tecnologia Agropecu\u00e1ria do Tocantins (Agrotins 2022) come\u00e7a nessa ter\u00e7a-feira, 10, a partir das 9 horas. Trazendo como tema central,&nbsp;<em>Integrar: Intensificar e Preservar<\/em>, a feira ocorre de 10 a 14 de maio, no Parque Agrotecnol\u00f3gico do Tocantins, na rodovia TO-050, sa\u00edda para Porto Nacional. A Agrotins espera reunir cerca de 120 mil visitantes e movimentar cerca de R$ 2 bilh\u00f5es em volume de neg\u00f3cios.<\/p>\n\n\n\n<p>Durante a feira, haver\u00e1 uma linha exclusiva de transporte coletivo, partindo da Esta\u00e7\u00e3o Java\u00e9, em Taquaralto, at\u00e9 a Agrotins, durante os dias da feira, nos hor\u00e1rios das 7 e 12 horas, com hor\u00e1rio de retorno \u00e0s 18 horas, partindo da Agrotins.<\/p>\n\n\n\n<p>Considerada a maior feira agrotecnol\u00f3gica da regi\u00e3o Norte do pa\u00eds, os visitantes ter\u00e3o acesso \u00e0s palestras que ocorrer\u00e3o nos audit\u00f3rios Beija-flor e Jaburu, al\u00e9m de ser poss\u00edvel conferir palestras, minicursos, rodas de conversa, exposi\u00e7\u00e3o de pesquisas, projetos e tecnologias do agro e comercializa\u00e7\u00e3o dos produtos nos pavilh\u00f5es da feira.<\/p>\n\n\n\n<p>\u201cEste ano, o que mais nos impressiona \u00e9 a impon\u00eancia das estruturas que est\u00e3o sendo montadas pelas empresas participantes. As mais diversas marcas que exp\u00f5em seus produtos na Agrotins est\u00e3o fazendo um investimento extraordin\u00e1rio em seus estandes. A gente acredita que esse avan\u00e7o \u00e9 em virtude do grande momento que vive o agro brasileiro. Compensa investir no agro, afinal \u00e9 uma atividade que n\u00e3o parou durante esse tempo de pandemia. O agro deu uma resposta fant\u00e1stica no que diz respeito \u00e0 produ\u00e7\u00e3o de alimentos, dando condi\u00e7\u00f5es para que a nossa balan\u00e7a comercial se mantivesse positiva\u201d, explica o gestor da Secretaria de Estado da Agricultura, Pecu\u00e1ria e Aquicultura (Seagro), Jaime Caf\u00e9.<\/p>\n\n\n\n<p>A feira ter\u00e1 a participa\u00e7\u00e3o de empresas e institui\u00e7\u00f5es governamentais ligadas a pesquisas de campo no segmento agropecu\u00e1rio v\u00e3o apresentar, em vitrines, as inova\u00e7\u00f5es tecnol\u00f3gicas. Contar\u00e1 ainda com uma r\u00e1dio exclusiva com entrevistas, destaques e informa\u00e7\u00f5es sobre a feira. Al\u00e9m de estandes, vitrines e pavilh\u00f5es, a feira ter\u00e1 estacionamento amplo, banheiros, restaurante e lanchonetes.<\/p>\n\n\n\n<p><strong>Pavilh\u00e3o da Agricultura Familiar<\/strong><\/p>\n\n\n\n<p>No Pavilh\u00e3o da Agricultura Familiar, haver\u00e1 exposi\u00e7\u00e3o dos agricultores familiares, artes\u00e3os, comunidades tradicionais e quilombolas, com uma tem\u00e1tica central&nbsp;<em>Bioeconomia e Cerrado<\/em>, visando \u00e0 explora\u00e7\u00e3o sustent\u00e1vel e socioecon\u00f4mica dos produtos naturais do Cerrado tocantinense, possibilitando aos agroextrativistas a gera\u00e7\u00e3o de emprego e renda.&nbsp;<\/p>\n\n\n\n<p>Na programa\u00e7\u00e3o, constam tamb\u00e9m diversas atividades como as oficinas&nbsp;<em>Sabores do Cerrado<\/em>, palestras, pain\u00e9is e debates direcionados para atender, expositores, visitantes e o p\u00fablico interessado em conhecer e saborear os produtos do Cerrado, como: mangaba, murici, maca\u00faba, jatob\u00e1, buriti, baru, pequi, entre outros.<\/p>\n\n\n\n<p><strong>Pavilh\u00e3o da Pecu\u00e1ria<\/strong><\/p>\n\n\n\n<p>O tradicional Pavilh\u00e3o da Pecu\u00e1ria est\u00e1 preparado para receber os animais que ficar\u00e3o em exposi\u00e7\u00e3o durante o evento. \u201cOs currais de bovinos j\u00e1 est\u00e3o todos ocupados, o que equivale a 150 cabe\u00e7as. Os equinos tamb\u00e9m j\u00e1 est\u00e3o nos currais e teremos, aproximadamente, 20 animais e mais 40 ovinos, que ficar\u00e3o no pavilh\u00e3o durante a feira\u201d, explica a gerente de Pecu\u00e1ria da Seagro, Mara Luce.<\/p>\n\n\n\n<p>O pavilh\u00e3o cresceu em rela\u00e7\u00e3o ao \u00faltimo ano presencial e poder\u00e1 trazer mais novidades. \u201cAl\u00e9m dos animais que j\u00e1 fazem parte da hist\u00f3ria da nossa feira, este ano, com o crescimento do espa\u00e7o, teremos a presen\u00e7a do Akaushi, um animal de origem japonesa pertencente \u00e0 Fazenda AkaushiBrasil em Barra do Ouro, no Tocantins.<\/p>\n\n\n\n<p><strong>Pavilh\u00e3o da Aquicultura<\/strong><\/p>\n\n\n\n<p>As principais inova\u00e7\u00f5es deste ano no Pavilh\u00e3o da Aquicultura s\u00e3o: os tanques redes circulares, os equipamentos de beneficiamento de pescado e uma ferramenta tecnol\u00f3gica&nbsp;<em>startup<\/em>&nbsp;para uso na \u00e1rea de produ\u00e7\u00e3o de peixes com modelo de gest\u00e3o e tecnol\u00f3gico.<\/p>\n\n\n\n<p>Este ano, est\u00e3o confirmadas 16 empresas voltadas para os segmentos de insumos b\u00e1sicos para piscicultura, como ra\u00e7\u00e3o e alevinos, aeradores, kits de qualidade de \u00e1gua, equipamentos de beneficiamento de pescado e empresas de consultoria t\u00e9cnica e empresas de tanques rede circulares.<\/p>\n\n\n\n<p><strong>Agrotins 2022<\/strong><\/p>\n\n\n\n<p>A 22\u00aa edi\u00e7\u00e3o da Agrotins tem como objetivos apresentar novidades para o desenvolvimento da produ\u00e7\u00e3o, apoiar e incentivar a continuar produzindo uma agricultura sustent\u00e1vel.<\/p>\n\n\n\n<p>A feira \u00e9 uma realiza\u00e7\u00e3o do Governo do Tocantins, por meio da Seagro, da Ag\u00eancia de Defesa Agropecu\u00e1ria (Adapec), do Instituto de Desenvolvimento Rural do Tocantins (Ruraltins), da Funda\u00e7\u00e3o de Amparo \u00e0 Pesquisa (Fapt) e da Tocantins Parcerias, em conjunto com empresas, institui\u00e7\u00f5es e \u00f3rg\u00e3os p\u00fablicos, de pesquisas e educacionais, entre outras.<\/p>\n","protected":false},"excerpt":{"rendered":"<p>A 22\u00aa edi\u00e7\u00e3o da Feira de Tecnologia Agropecu\u00e1ria do Tocantins (Agrotins 2022) come\u00e7a nessa ter\u00e7a-feira, 10, a partir das 9 horas. Trazendo como tema central,&nbsp;Integrar: Intensificar e Preservar, a feira ocorre de 10 a 14 de maio, no Parque Agrotecnol\u00f3gico do Tocantins, na rodovia TO-050, sa\u00edda para Porto Nacional. A Agrotins espera reunir cerca de [&hellip;]<\/p>\n","protected":false},"author":2,"featured_media":11176,"comment_status":"open","ping_status":"open","sticky":false,"template":"","format":"standard","meta":[],"categories":[3],"tags":[13],"_links":{"self":[{"href":"https:\/\/dgospel.com.br\/portal\/index.php\/wp-json\/wp\/v2\/posts\/11175"}],"collection":[{"href":"https:\/\/dgospel.com.br\/portal\/index.php\/wp-json\/wp\/v2\/posts"}],"about":[{"href":"https:\/\/dgospel.com.br\/portal\/index.php\/wp-json\/wp\/v2\/types\/post"}],"author":[{"embeddable":true,"href":"https:\/\/dgospel.com.br\/portal\/index.php\/wp-json\/wp\/v2\/users\/2"}],"replies":[{"embeddable":true,"href":"https:\/\/dgospel.com.br\/portal\/index.php\/wp-json\/wp\/v2\/comments?post=11175"}],"version-history":[{"count":1,"href":"https:\/\/dgospel.com.br\/portal\/index.php\/wp-json\/wp\/v2\/posts\/11175\/revisions"}],"predecessor-version":[{"id":11177,"href":"https:\/\/dgospel.com.br\/portal\/index.php\/wp-json\/wp\/v2\/posts\/11175\/revisions\/11177"}],"wp:featuredmedia":[{"embeddable":true,"href":"https:\/\/dgospel.com.br\/portal\/index.php\/wp-json\/wp\/v2\/media\/11176"}],"wp:attachment":[{"href":"https:\/\/dgospel.com.br\/portal\/index.php\/wp-json\/wp\/v2\/media?parent=11175"}],"wp:term":[{"taxonomy":"category","embeddable":true,"href":"https:\/\/dgospel.com.br\/portal\/index.php\/wp-json\/wp\/v2\/categories?post=11175"},{"taxonomy":"post_tag","embeddable":true,"href":"https:\/\/dgospel.com.br\/portal\/index.php\/wp-json\/wp\/v2\/tags?post=11175"}],"curies":[{"name":"wp","href":"https:\/\/api.w.org\/{rel}","templated":true}]}}