{"id":11178,"date":"2022-05-09T16:13:55","date_gmt":"2022-05-09T19:13:55","guid":{"rendered":"http:\/\/dgospel.com.br\/portal\/?p=11178"},"modified":"2022-05-09T16:13:56","modified_gmt":"2022-05-09T19:13:56","slug":"avo-e-esfaqueada-ao-proteger-neta-de-3-anos-durante-assalto-em-palmas","status":"publish","type":"post","link":"https:\/\/dgospel.com.br\/portal\/index.php\/2022\/05\/09\/avo-e-esfaqueada-ao-proteger-neta-de-3-anos-durante-assalto-em-palmas\/","title":{"rendered":"Av\u00f3 \u00e9 esfaqueada ao proteger neta de 3 anos durante assalto em Palmas"},"content":{"rendered":"\n<p>Uma mulher ficou ferida ap\u00f3s ser esfaqueada em Palmas durante um assalto. Segundo a Pol\u00edcia Militar (PM) ela estava acompanhada da neta, uma crian\u00e7a de 3 anos, quando foi abordada por um criminoso. O suspeito teria amea\u00e7ado a crian\u00e7a e golpeou a mulher que teve as m\u00e3os cortadas ao proteger a neta.<\/p>\n\n\n\n<p>O crime aconteceu na sexta-feira (6) e foi informado neste domingo (8) pela pol\u00edcia. Segundo a corpora\u00e7\u00e3o, quando a pol\u00edcia chegou ao local, na quadra 307 Norte a v\u00edtima estava ferida e o suspeito tinha sido contido pelos moradores.<\/p>\n\n\n\n<p>A pol\u00edcia informou que a v\u00edtima estava com a neta quando foi abordada pelo criminoso. Ao anunciar o assalto, o homem amea\u00e7ou golpear a crian\u00e7a e em seguida golpeou a mulher. &#8220;Para se defender ela chegou a segurar na l\u00e2mina do fac\u00e3o, causando cortes profundos em sua m\u00e3o&#8221;, informou a pol\u00edcia.<\/p>\n\n\n\n<p>O homem fugiu com o celular da v\u00edtima, mas foi detido momentos depois por moradores em uma \u00e1rea de mata. Ele foi agredido e, ao ser preso pela pol\u00edcia, estava com v\u00e1rios hematomas pelo corpo.<\/p>\n\n\n\n<p>O suspeito foi levado para uma delegacia e deve responder pelo crime de tentativa de latroc\u00ednio.<\/p>\n\n\n\n<p><em>Fonte: \u00a0<\/em><a href=\"https:\/\/g1.globo.com\/to\/tocantins\/\"><em>g1 Tocantins<\/em><\/a><em>.<\/em><\/p>\n","protected":false},"excerpt":{"rendered":"<p>Uma mulher ficou ferida ap\u00f3s ser esfaqueada em Palmas durante um assalto. Segundo a Pol\u00edcia Militar (PM) ela estava acompanhada da neta, uma crian\u00e7a de 3 anos, quando foi abordada por um criminoso. O suspeito teria amea\u00e7ado a crian\u00e7a e golpeou a mulher que teve as m\u00e3os cortadas ao proteger a neta. O crime aconteceu [&hellip;]<\/p>\n","protected":false},"author":2,"featured_media":11179,"comment_status":"open","ping_status":"open","sticky":false,"template":"","format":"standard","meta":[],"categories":[3],"tags":[],"_links":{"self":[{"href":"https:\/\/dgospel.com.br\/portal\/index.php\/wp-json\/wp\/v2\/posts\/11178"}],"collection":[{"href":"https:\/\/dgospel.com.br\/portal\/index.php\/wp-json\/wp\/v2\/posts"}],"about":[{"href":"https:\/\/dgospel.com.br\/portal\/index.php\/wp-json\/wp\/v2\/types\/post"}],"author":[{"embeddable":true,"href":"https:\/\/dgospel.com.br\/portal\/index.php\/wp-json\/wp\/v2\/users\/2"}],"replies":[{"embeddable":true,"href":"https:\/\/dgospel.com.br\/portal\/index.php\/wp-json\/wp\/v2\/comments?post=11178"}],"version-history":[{"count":1,"href":"https:\/\/dgospel.com.br\/portal\/index.php\/wp-json\/wp\/v2\/posts\/11178\/revisions"}],"predecessor-version":[{"id":11180,"href":"https:\/\/dgospel.com.br\/portal\/index.php\/wp-json\/wp\/v2\/posts\/11178\/revisions\/11180"}],"wp:featuredmedia":[{"embeddable":true,"href":"https:\/\/dgospel.com.br\/portal\/index.php\/wp-json\/wp\/v2\/media\/11179"}],"wp:attachment":[{"href":"https:\/\/dgospel.com.br\/portal\/index.php\/wp-json\/wp\/v2\/media?parent=11178"}],"wp:term":[{"taxonomy":"category","embeddable":true,"href":"https:\/\/dgospel.com.br\/portal\/index.php\/wp-json\/wp\/v2\/categories?post=11178"},{"taxonomy":"post_tag","embeddable":true,"href":"https:\/\/dgospel.com.br\/portal\/index.php\/wp-json\/wp\/v2\/tags?post=11178"}],"curies":[{"name":"wp","href":"https:\/\/api.w.org\/{rel}","templated":true}]}}