{"id":11184,"date":"2022-05-09T16:40:05","date_gmt":"2022-05-09T19:40:05","guid":{"rendered":"http:\/\/dgospel.com.br\/portal\/?p=11184"},"modified":"2022-05-09T16:40:06","modified_gmt":"2022-05-09T19:40:06","slug":"jovens-sem-religiao-ultrapassam-evangelicos-e-catolicos-em-sp-e-rio","status":"publish","type":"post","link":"https:\/\/dgospel.com.br\/portal\/index.php\/2022\/05\/09\/jovens-sem-religiao-ultrapassam-evangelicos-e-catolicos-em-sp-e-rio\/","title":{"rendered":"Jovens \u201csem religi\u00e3o\u201d ultrapassam evang\u00e9licos e cat\u00f3licos em SP e Rio"},"content":{"rendered":"\n<p>O n\u00famero de&nbsp;<strong><a href=\"https:\/\/guiame.com.br\/gospel\/mundo-cristao\/59-dos-jovens-criados-na-igreja-desistem-de-permanecer-nela-diz-pesquisa.html\">jovens<\/a><\/strong>&nbsp;que se descrevem como \u201csem religi\u00e3o\u201d ultrapassou o n\u00famero de&nbsp;<strong><a href=\"https:\/\/guiame.com.br\/gospel\/mundo-cristao\/jovens-brasileiros-se-tornam-cada-vez-mais-evangelicos-diz-pesquisador.html\">evang\u00e9licos<\/a><\/strong>&nbsp;e cat\u00f3licos no estado de S\u00e3o Paulo e do Rio de Janeiro, de acordo com as primeiras pesquisas Datafolha do ciclo eleitoral de 2022.<\/p>\n\n\n\n<p>Em n\u00edvel nacional, a pesquisa mostrou que 49% dos brasileiros se dizem cat\u00f3licos, 26% evang\u00e9licos e 14% sem religi\u00e3o. Segundo a BBC Brasil, o percentual de n\u00e3o religiosos no pa\u00eds vem aumentando a cada d\u00e9cada.<\/p>\n\n\n\n<p>Conforme o Censo do IBGE, 0,5% da popula\u00e7\u00e3o brasileira em 1960 se dizia sem religi\u00e3o, 6% em 1980, 4,8% em 1991 e 7,3% em 2000. No Censo Demogr\u00e1fico de 2010, os sem religi\u00e3o eram 8%.<\/p>\n\n\n\n<p>Neste ano, o aumento dos sem religi\u00e3o se destacou entre os jovens de 16 a 24 anos. No \u00e2mbito nacional, eles j\u00e1 s\u00e3o 25%.&nbsp;<\/p>\n\n\n\n<p>Dois estados do Brasil tiveram o maior percentual de jovens que n\u00e3o professam nenhuma f\u00e9: S\u00e3o Paulo e Rio de Janeiro. Em SP, os jovens sem religi\u00e3o chegaram a 30%, ultrapassando evang\u00e9licos (27%), cat\u00f3licos (24%) e outras religi\u00f5es (19%).<\/p>\n\n\n\n<p>No Rio, a juventude&nbsp;n\u00e3o religiosa atingiu os 34%, superando tamb\u00e9m o n\u00famero de evang\u00e9licos (32%), cat\u00f3licos (17%) e demais religi\u00f5es (17%).&nbsp;<\/p>\n\n\n\n<p><strong>Sem religi\u00e3o e desigrejados<\/strong><\/p>\n\n\n\n<p>Ser uma pessoa \u201csem religi\u00e3o\u201d n\u00e3o significa ser ateu ou agn\u00f3stico. Se declarar como n\u00e3o religioso est\u00e1 mais relacionado com<strong><a href=\"https:\/\/guiame.com.br\/gospel\/mundo-cristao\/se-esta-decepcionado-com-igreja-seja-igreja-que-espera-diz-autora-aos-desigrejados.html\">&nbsp;n\u00e3o frequentar uma institui\u00e7\u00e3o religiosa<\/a><\/strong>.&nbsp;<\/p>\n\n\n\n<p>Apenas uma minoria entre os sem religi\u00e3o s\u00e3o ateus ou agn\u00f3sticos. Por exemplo, no Censo de 2010, dos 15,3 milh\u00f5es de brasileiros que se diziam n\u00e3o religiosos, somente 4% eram ateus e 0,8% agn\u00f3stico.<\/p>\n\n\n\n<p>&#8220;A maior parcela dos sem religi\u00e3o tem a ver com uma desinstitucionaliza\u00e7\u00e3o, o que quer dizer que o sujeito est\u00e1 afastado das institui\u00e7\u00f5es religiosas, mas ele pode ter uma vis\u00e3o de mundo e at\u00e9 mesmo pr\u00e1ticas pessoais informadas por cren\u00e7as religiosas&#8221;, explicou a cientista social Silvia Fernandes, \u00e0 BBC Brasil.<\/p>\n\n\n\n<p>E acrescentou: &#8220;Ent\u00e3o esse sujeito \u00e9 sem religi\u00e3o porque n\u00e3o est\u00e1 vinculado a uma igreja, porque n\u00e3o frequenta, mas pode ter cren\u00e7as relacionadas a alguma religi\u00e3o que j\u00e1 teve ou ter uma dimens\u00e3o mais pluralista da religiosidade&#8221;, afirmou a especialista.<\/p>\n\n\n\n<p>Para Fernandes, o n\u00famero alto de jovens sem religi\u00e3o em grandes centros urbanos, como S\u00e3o Paulo e Rio, pode ser explicado pelo fato de que os jovens t\u00eam contatos sociais mais diversos e uma variedade de fontes de informa\u00e7\u00e3o.&nbsp;<\/p>\n\n\n\n<p>&#8220;\u00c9 preciso considerar que mais de 80% da popula\u00e7\u00e3o brasileira hoje \u00e9 urbana. E, nas grandes cidades, h\u00e1 uma celeridade da vida e acesso a uma multiplicidade de informa\u00e7\u00f5es que colocam a religi\u00e3o como uma das esferas poss\u00edveis da exist\u00eancia, mas ela n\u00e3o \u00e9 mais t\u00e3o determinante para a sociabilidade e o encontro como no mundo rural&#8221;, ponderou ela.<\/p>\n","protected":false},"excerpt":{"rendered":"<p>O n\u00famero de&nbsp;jovens&nbsp;que se descrevem como \u201csem religi\u00e3o\u201d ultrapassou o n\u00famero de&nbsp;evang\u00e9licos&nbsp;e cat\u00f3licos no estado de S\u00e3o Paulo e do Rio de Janeiro, de acordo com as primeiras pesquisas Datafolha do ciclo eleitoral de 2022. Em n\u00edvel nacional, a pesquisa mostrou que 49% dos brasileiros se dizem cat\u00f3licos, 26% evang\u00e9licos e 14% sem religi\u00e3o. Segundo [&hellip;]<\/p>\n","protected":false},"author":2,"featured_media":11185,"comment_status":"open","ping_status":"open","sticky":false,"template":"","format":"standard","meta":[],"categories":[5],"tags":[],"_links":{"self":[{"href":"https:\/\/dgospel.com.br\/portal\/index.php\/wp-json\/wp\/v2\/posts\/11184"}],"collection":[{"href":"https:\/\/dgospel.com.br\/portal\/index.php\/wp-json\/wp\/v2\/posts"}],"about":[{"href":"https:\/\/dgospel.com.br\/portal\/index.php\/wp-json\/wp\/v2\/types\/post"}],"author":[{"embeddable":true,"href":"https:\/\/dgospel.com.br\/portal\/index.php\/wp-json\/wp\/v2\/users\/2"}],"replies":[{"embeddable":true,"href":"https:\/\/dgospel.com.br\/portal\/index.php\/wp-json\/wp\/v2\/comments?post=11184"}],"version-history":[{"count":1,"href":"https:\/\/dgospel.com.br\/portal\/index.php\/wp-json\/wp\/v2\/posts\/11184\/revisions"}],"predecessor-version":[{"id":11186,"href":"https:\/\/dgospel.com.br\/portal\/index.php\/wp-json\/wp\/v2\/posts\/11184\/revisions\/11186"}],"wp:featuredmedia":[{"embeddable":true,"href":"https:\/\/dgospel.com.br\/portal\/index.php\/wp-json\/wp\/v2\/media\/11185"}],"wp:attachment":[{"href":"https:\/\/dgospel.com.br\/portal\/index.php\/wp-json\/wp\/v2\/media?parent=11184"}],"wp:term":[{"taxonomy":"category","embeddable":true,"href":"https:\/\/dgospel.com.br\/portal\/index.php\/wp-json\/wp\/v2\/categories?post=11184"},{"taxonomy":"post_tag","embeddable":true,"href":"https:\/\/dgospel.com.br\/portal\/index.php\/wp-json\/wp\/v2\/tags?post=11184"}],"curies":[{"name":"wp","href":"https:\/\/api.w.org\/{rel}","templated":true}]}}