{"id":11187,"date":"2022-05-09T16:43:03","date_gmt":"2022-05-09T19:43:03","guid":{"rendered":"http:\/\/dgospel.com.br\/portal\/?p=11187"},"modified":"2022-05-09T16:43:04","modified_gmt":"2022-05-09T19:43:04","slug":"pregar-o-evangelho-pode-se-tornar-discurso-de-odio-alertam-especialistas-juridicos","status":"publish","type":"post","link":"https:\/\/dgospel.com.br\/portal\/index.php\/2022\/05\/09\/pregar-o-evangelho-pode-se-tornar-discurso-de-odio-alertam-especialistas-juridicos\/","title":{"rendered":"Pregar o Evangelho pode se tornar \u2018discurso de \u00f3dio\u2019, alertam especialistas jur\u00eddicos"},"content":{"rendered":"\n<p>\u201cJu\u00edzes devem seguir a Constitui\u00e7\u00e3o e n\u00e3o os&nbsp;<a href=\"https:\/\/www.guiame.com.br\/gospel\/mundo-cristao\/vocalista-da-banda-skillet-conta-como-tentaram-persuadi-lo-nao-falar-tanto-de-jesus.html\"><strong>caprichos da cultura<\/strong><\/a>\u201d, apontaram dois advogados americanos proeminentes, pedindo aos crist\u00e3os que orem pela Suprema Corte e por todo sistema judicial.<\/p>\n\n\n\n<p>A preocupa\u00e7\u00e3o dos especialistas se baseia em que \u201cos&nbsp;<a href=\"https:\/\/guiame.com.br\/gospel\/mundo-cristao\/pastor-explica-os-principios-de-fe-por-tras-do-pai-nosso-jesus-ensinou-sobre-o-reino.html\"><strong>princ\u00edpios da f\u00e9 crist\u00e3<\/strong><\/a>&nbsp;est\u00e3o se tornando cada vez mais impopulares, a cada ano que passa\u201d.&nbsp;<\/p>\n\n\n\n<p>David Nammo, CEO da Christian Legal Society, e Gregory S. Baylor, conselheiro s\u00eanior da Alliance Defending Freedom, fizeram os coment\u00e1rios no Dia Nacional de Ora\u00e7\u00e3o nos EUA \u2014 que foi comemorado no dia 5 de maio, \u00faltima quinta-feira.&nbsp;<\/p>\n\n\n\n<p><strong>Como orar pelos ju\u00edzes e autoridades da lei<\/strong><\/p>\n\n\n\n<p>\u201cAcho que uma das maneiras espec\u00edficas de orarmos pelos ju\u00edzes \u00e9 pedindo para que eles n\u00e3o sejam sugados pela profunda \u2018polariza\u00e7\u00e3o e tribalismo\u2019 que&nbsp;<a href=\"https:\/\/www.guiame.com.br\/gospel\/mundo-cristao\/autora-diz-que-teologia-do-acredite-em-si-mesmo-e-semelhante-da-prosperidade.html\"><strong>assola nossa cultura<\/strong><\/a>&nbsp;agora\u201d, disse Baylor ao se referir \u00e0s ideologias e grupos extremistas.<\/p>\n\n\n\n<p>\u201cN\u00e3o queremos que os ju\u00edzes se tornem parte disso.&nbsp;<a href=\"https:\/\/guiame.com.br\/gospel\/mundo-cristao\/evangelicos-se-ajoelham-para-orar-pelo-brasil-nas-ruas-de-pernambuco.html\"><strong>Devemos orar<\/strong><\/a>&nbsp;para que os ju\u00edzes fa\u00e7am o trabalho que Deus os chamou para fazer\u201d, continuou.<\/p>\n\n\n\n<p>\u201cMesmo nas recentes audi\u00eancias de confirma\u00e7\u00e3o da Suprema Corte, houve um consenso de que os ju\u00edzes n\u00e3o deveriam ser legisladores, nem deveriam ser os principais solucionadores das grandes disputas e debates em nosso pa\u00eds\u201d, apontou Baylor.<\/p>\n\n\n\n<p><strong>\u201cA cultura \u00e9 cada vez mais hostil ao Evangelho\u201d<\/strong><\/p>\n\n\n\n<p>De acordo com os advogados, a&nbsp;<a href=\"https:\/\/guiame.com.br\/colunistas\/frank-medina\/nao-somos-religiosos-somos-cristaos.html\"><strong>cultura \u00e9 cada vez mais hostil<\/strong><\/a>&nbsp;aos valores b\u00edblicos. \u201cOs pastores precisam entender que pregar o Evangelho pode um dia se tornar discurso de \u00f3dio neste pa\u00eds\u201d, disse Nammo.<\/p>\n\n\n\n<p>Com o alerta de que \u201cem muitos pa\u00edses, essa j\u00e1 \u00e9 a realidade\u201d, o advogado considera que os crist\u00e3os nos Estados Unidos s\u00e3o privilegiados.&nbsp;<\/p>\n\n\n\n<p>\u201cSomos aben\u00e7oados por estar neste pa\u00eds. Devemos proclamar o Evangelho&nbsp;<a href=\"https:\/\/guiame.com.br\/gospel\/noticias\/em-lagrimas-michelle-bolsonaro-ora-pelo-brasil-tu-es-poderoso-para-curar-nossa-nacao.html\"><strong>sem medo e sem preocupa\u00e7\u00e3o<\/strong><\/a>\u201d, enfatizou ao citar a liberdade de express\u00e3o e de religi\u00e3o.&nbsp;<\/p>\n\n\n\n<p>\u201cDevemos fazer tudo o que pudermos para lutar pelos direitos e liberdades que nos s\u00e3o garantidos na Constitui\u00e7\u00e3o. O governo \u00e9 do povo. Os pastores n\u00e3o devem ter medo, mas precisam se atentar para a&nbsp;<a href=\"https:\/\/guiame.com.br\/gospel\/mundo-cristao\/nunca-vi-tanta-hostilidade-ao-cristianismo-diz-advogado-que-defende-cristaos.html\"><strong>hostilidade ao cristianismo<\/strong><\/a>&nbsp;que j\u00e1 ocorre l\u00e1 fora\u201d, destacou.&nbsp;<\/p>\n\n\n\n<p><strong>Amea\u00e7a \u00e0 liberdade de religi\u00e3o<\/strong><\/p>\n\n\n\n<p>O direito humano de liberdade de religi\u00e3o ou cren\u00e7a, apesar de reconhecido nos mais importantes tratados internacionais, n\u00e3o se encontra efetivado, na pr\u00e1tica, em boa parte do mundo,&nbsp;<a href=\"https:\/\/guiame.com.br\/colunistas\/anajure\/um-direito-sob-ameaca-panorama-global-da-liberdade-religiosa.html\"><strong>conforme a Anajure<\/strong><\/a>&nbsp;(Associa\u00e7\u00e3o Nacional de Juristas Evang\u00e9licos\u201d.&nbsp;<\/p>\n\n\n\n<p>\u00c9 um direito que sofre amea\u00e7as constantes, por parte de atores estatais e n\u00e3o estatais, atrav\u00e9s de viol\u00eancia real ou simb\u00f3lica.<\/p>\n\n\n\n<p>Dada a&nbsp;<a href=\"https:\/\/guiame.com.br\/colunistas\/sergio-renato-de-mello\/e-quando-de-fato-precisarmos-da-liberdade-religiosa-ou-de-crenca-poderemos-invoca-la.html\"><strong>import\u00e2ncia da liberdade religiosa<\/strong><\/a>&nbsp;para a realiza\u00e7\u00e3o da justi\u00e7a e da paz, diversas ag\u00eancias governamentais t\u00eam sido criadas com o escopo de monitorar a situa\u00e7\u00e3o da liberdade religiosa no mundo.&nbsp;<\/p>\n\n\n\n<p>Paul Diamond, um advogado s\u00eanior do Reino Unido com mais de 30 anos de experi\u00eancia representando crist\u00e3os na Suprema Corte e na Corte Europeia de Direitos Humanos, disse que \u201c<a href=\"https:\/\/guiame.com.br\/gospel\/mundo-cristao\/nunca-vi-tanta-hostilidade-ao-cristianismo-diz-advogado-que-defende-cristaos.html\"><strong>nunca viu tanta hostilidade ao cristianismo como agora<\/strong><\/a>\u201d.&nbsp;<\/p>\n\n\n\n<p>Ele classifica o tempo atual como assustador e disse que as \u00e1guas est\u00e3o muito agitadas. \u201cO paganismo est\u00e1 crescendo, assim como outras religi\u00f5es que t\u00eam seus pr\u00f3prios valores e&nbsp;<a href=\"https:\/\/guiame.com.br\/colunistas\/hernandes-dias-lopes\/inversao-de-valores-vida-de-ponta-cabeca.html\"><strong>seu pr\u00f3prio senso de certo e errado<\/strong><\/a>\u201d, disse.<\/p>\n\n\n\n<p>Sobre as leis de discurso de \u00f3dio, ele afirmou serem \u201cincoerentes\u201d e que deveriam ser removidas: \u201cNingu\u00e9m sabe realmente o que \u00e9 um&nbsp;<a href=\"https:\/\/guiame.com.br\/gospel\/noticias\/europa-registrou-quase-1000-crimes-de-odio-contra-cristaos-em-2020.html\"><strong>crime de \u00f3dio<\/strong><\/a>. E as leis n\u00e3o s\u00e3o aplicadas de forma consistente, por isso acabam n\u00e3o abordando os problemas reais, mas apenas criando mais problemas\u201d, concluiu.&nbsp;<\/p>\n","protected":false},"excerpt":{"rendered":"<p>\u201cJu\u00edzes devem seguir a Constitui\u00e7\u00e3o e n\u00e3o os&nbsp;caprichos da cultura\u201d, apontaram dois advogados americanos proeminentes, pedindo aos crist\u00e3os que orem pela Suprema Corte e por todo sistema judicial. A preocupa\u00e7\u00e3o dos especialistas se baseia em que \u201cos&nbsp;princ\u00edpios da f\u00e9 crist\u00e3&nbsp;est\u00e3o se tornando cada vez mais impopulares, a cada ano que passa\u201d.&nbsp; David Nammo, CEO da [&hellip;]<\/p>\n","protected":false},"author":2,"featured_media":11188,"comment_status":"open","ping_status":"open","sticky":false,"template":"","format":"standard","meta":[],"categories":[5,1],"tags":[],"_links":{"self":[{"href":"https:\/\/dgospel.com.br\/portal\/index.php\/wp-json\/wp\/v2\/posts\/11187"}],"collection":[{"href":"https:\/\/dgospel.com.br\/portal\/index.php\/wp-json\/wp\/v2\/posts"}],"about":[{"href":"https:\/\/dgospel.com.br\/portal\/index.php\/wp-json\/wp\/v2\/types\/post"}],"author":[{"embeddable":true,"href":"https:\/\/dgospel.com.br\/portal\/index.php\/wp-json\/wp\/v2\/users\/2"}],"replies":[{"embeddable":true,"href":"https:\/\/dgospel.com.br\/portal\/index.php\/wp-json\/wp\/v2\/comments?post=11187"}],"version-history":[{"count":1,"href":"https:\/\/dgospel.com.br\/portal\/index.php\/wp-json\/wp\/v2\/posts\/11187\/revisions"}],"predecessor-version":[{"id":11189,"href":"https:\/\/dgospel.com.br\/portal\/index.php\/wp-json\/wp\/v2\/posts\/11187\/revisions\/11189"}],"wp:featuredmedia":[{"embeddable":true,"href":"https:\/\/dgospel.com.br\/portal\/index.php\/wp-json\/wp\/v2\/media\/11188"}],"wp:attachment":[{"href":"https:\/\/dgospel.com.br\/portal\/index.php\/wp-json\/wp\/v2\/media?parent=11187"}],"wp:term":[{"taxonomy":"category","embeddable":true,"href":"https:\/\/dgospel.com.br\/portal\/index.php\/wp-json\/wp\/v2\/categories?post=11187"},{"taxonomy":"post_tag","embeddable":true,"href":"https:\/\/dgospel.com.br\/portal\/index.php\/wp-json\/wp\/v2\/tags?post=11187"}],"curies":[{"name":"wp","href":"https:\/\/api.w.org\/{rel}","templated":true}]}}