{"id":11195,"date":"2022-05-11T16:16:57","date_gmt":"2022-05-11T19:16:57","guid":{"rendered":"http:\/\/dgospel.com.br\/portal\/?p=11195"},"modified":"2022-05-11T16:16:59","modified_gmt":"2022-05-11T19:16:59","slug":"visita-de-lula-em-juiz-de-fora-e-marcada-por-atos-pro-bolsonaro","status":"publish","type":"post","link":"https:\/\/dgospel.com.br\/portal\/index.php\/2022\/05\/11\/visita-de-lula-em-juiz-de-fora-e-marcada-por-atos-pro-bolsonaro\/","title":{"rendered":"Visita de Lula em Juiz de Fora \u00e9 marcada por atos pr\u00f3-Bolsonaro"},"content":{"rendered":"\n<p> O ex-presidente Luiz In\u00e1cio Lula da Silva (PT) chegou a Juiz de Fora, Minas Gerais, na manh\u00e3 desta quarta-feira (11). Em avenidas e cal\u00e7ad\u00f5es da cidade, apoiadores do presidente Jair Bolsonaro protestaram contra a sua presen\u00e7a. Vestindo as cores verde e amarelo e segurando a bandeira do Brasil, os manifestantes gritavam: \u201cLula ladr\u00e3o, Bolsonaro capit\u00e3o\u201d. <\/p>\n\n\n\n<figure class=\"wp-block-image\"><img src=\"https:\/\/static.cdn.pleno.news\/2022\/05\/Screenshot_1128-1024x559.png\" alt=\"\" class=\"wp-image-944183\"\/><\/figure>\n\n\n\n<p>Protestos em Juiz de Fora\u00a0Foto: Reprodu\u00e7\u00e3o\/V\u00eddeo Twitter <\/p>\n\n\n\n<p> Em um dos v\u00eddeos que circula nas redes sociais, um manifestante aparece carregando dois bonecos com Lula preso em uma gaiola. Outros v\u00eddeos mostram pessoas carregando faixas com \u201cLula Ladr\u00e3o\u201d e \u201cLula nunca mais\u201d. <\/p>\n\n\n\n<p>Lula, que acaba de lan\u00e7ar sua pr\u00e9-candidatura \u00e0 Presid\u00eancia, foi recebido no Aeroporto da Serrinha, pela prefeita Margarida Salom\u00e3o (PT), o deputado estadual Roberto Cupolillo, o Bet\u00e3o (PT) e outras autoridades, como secret\u00e1rios da Prefeitura de Juiz de Fora.<\/p>\n\n\n\n<p>O esquema de seguran\u00e7a na visita do petista \u00e0 cidade mineira est\u00e1 refor\u00e7ado, ap\u00f3s um alerta de um suposto ataque que ele poderia sofrer de seus opositores.<\/p>\n\n\n\n<figure class=\"wp-block-embed-twitter wp-block-embed is-type-rich is-provider-twitter\"><div class=\"wp-block-embed__wrapper\">\n<blockquote class=\"twitter-tweet\" data-width=\"550\" data-dnt=\"true\"><p lang=\"pt\" dir=\"ltr\">Que orgulho eu tenho de ser mineira e bolsonarista&#8230;essa \u00e9 a recep\u00e7\u00e3o q o ladr\u00e3o est\u00e1 tendo em Juiz de Fora <a href=\"https:\/\/twitter.com\/hashtag\/LulaNuncaMais?src=hash&amp;ref_src=twsrc%5Etfw\">#LulaNuncaMais<\/a> <a href=\"https:\/\/twitter.com\/hashtag\/Lula%C3%89Bandido?src=hash&amp;ref_src=twsrc%5Etfw\">#Lula\u00c9Bandido<\/a> <a href=\"https:\/\/twitter.com\/hashtag\/BolsonaroReeleito?src=hash&amp;ref_src=twsrc%5Etfw\">#BolsonaroReeleito<\/a> <a href=\"https:\/\/t.co\/lu21WtawL3\">pic.twitter.com\/lu21WtawL3<\/a><\/p>&mdash; Sileni (@marquessileni) <a href=\"https:\/\/twitter.com\/marquessileni\/status\/1524420128917626880?ref_src=twsrc%5Etfw\">May 11, 2022<\/a><\/blockquote><script async src=\"https:\/\/platform.twitter.com\/widgets.js\" charset=\"utf-8\"><\/script>\n<\/div><\/figure>\n","protected":false},"excerpt":{"rendered":"<p>O ex-presidente Luiz In\u00e1cio Lula da Silva (PT) chegou a Juiz de Fora, Minas Gerais, na manh\u00e3 desta quarta-feira (11). Em avenidas e cal\u00e7ad\u00f5es da cidade, apoiadores do presidente Jair Bolsonaro protestaram contra a sua presen\u00e7a. Vestindo as cores verde e amarelo e segurando a bandeira do Brasil, os manifestantes gritavam: \u201cLula ladr\u00e3o, Bolsonaro capit\u00e3o\u201d. [&hellip;]<\/p>\n","protected":false},"author":2,"featured_media":11196,"comment_status":"open","ping_status":"open","sticky":false,"template":"","format":"standard","meta":[],"categories":[4],"tags":[14],"_links":{"self":[{"href":"https:\/\/dgospel.com.br\/portal\/index.php\/wp-json\/wp\/v2\/posts\/11195"}],"collection":[{"href":"https:\/\/dgospel.com.br\/portal\/index.php\/wp-json\/wp\/v2\/posts"}],"about":[{"href":"https:\/\/dgospel.com.br\/portal\/index.php\/wp-json\/wp\/v2\/types\/post"}],"author":[{"embeddable":true,"href":"https:\/\/dgospel.com.br\/portal\/index.php\/wp-json\/wp\/v2\/users\/2"}],"replies":[{"embeddable":true,"href":"https:\/\/dgospel.com.br\/portal\/index.php\/wp-json\/wp\/v2\/comments?post=11195"}],"version-history":[{"count":1,"href":"https:\/\/dgospel.com.br\/portal\/index.php\/wp-json\/wp\/v2\/posts\/11195\/revisions"}],"predecessor-version":[{"id":11197,"href":"https:\/\/dgospel.com.br\/portal\/index.php\/wp-json\/wp\/v2\/posts\/11195\/revisions\/11197"}],"wp:featuredmedia":[{"embeddable":true,"href":"https:\/\/dgospel.com.br\/portal\/index.php\/wp-json\/wp\/v2\/media\/11196"}],"wp:attachment":[{"href":"https:\/\/dgospel.com.br\/portal\/index.php\/wp-json\/wp\/v2\/media?parent=11195"}],"wp:term":[{"taxonomy":"category","embeddable":true,"href":"https:\/\/dgospel.com.br\/portal\/index.php\/wp-json\/wp\/v2\/categories?post=11195"},{"taxonomy":"post_tag","embeddable":true,"href":"https:\/\/dgospel.com.br\/portal\/index.php\/wp-json\/wp\/v2\/tags?post=11195"}],"curies":[{"name":"wp","href":"https:\/\/api.w.org\/{rel}","templated":true}]}}