{"id":11198,"date":"2022-05-11T16:23:46","date_gmt":"2022-05-11T19:23:46","guid":{"rendered":"http:\/\/dgospel.com.br\/portal\/?p=11198"},"modified":"2022-05-11T16:23:46","modified_gmt":"2022-05-11T19:23:46","slug":"lula-campanha-conclui-que-nao-alcancara-bolsonaro-nas-redes","status":"publish","type":"post","link":"https:\/\/dgospel.com.br\/portal\/index.php\/2022\/05\/11\/lula-campanha-conclui-que-nao-alcancara-bolsonaro-nas-redes\/","title":{"rendered":"Lula: Campanha conclui que n\u00e3o alcan\u00e7ar\u00e1 Bolsonaro nas redes"},"content":{"rendered":"\n<p>O forte engajamento do presidente Jair Bolsonaro (PL) nas redes sociais \u00e9 a maior preocupa\u00e7\u00e3o do novo n\u00facleo de comunica\u00e7\u00e3o da campanha do ex-presidente Lula (PT). Para os auxiliares do petista, n\u00e3o \u00e9 poss\u00edvel superar o aparato digital do atual l\u00edder no Planalto a tempo das elei\u00e7\u00f5es, que ocorrem no m\u00eas de outubro. As informa\u00e7\u00f5es s\u00e3o do colunista do portal Metr\u00f3poles, Guilherme Amado.<\/p>\n\n\n\n<p>O diagn\u00f3stico foi feito durante reuni\u00e3o nesta segunda-feira (9) com o deputado Rui Falc\u00e3o e o prefeito de Araraquara, Edinho Silva. Os dois trabalhar\u00e3o na estrat\u00e9gia de comunica\u00e7\u00e3o da campanha ao lado do marqueteiro Sid\u00f4nio Palmeira.<\/p>\n\n\n\n<p>Bolsonaro \u00e9 o presidenci\u00e1vel com maior influ\u00eancia nas redes sociais, com 19,8 milh\u00f5es de seguidores no Instagram, 14,5 milh\u00f5es no Facebook e 1,3 milh\u00e3o no Telegram.<\/p>\n\n\n\n<p>A avalia\u00e7\u00e3o da campanha petista \u00e9 de que Lula precisar\u00e1 contar com influenciadores e artistas para ganhar mais espa\u00e7o no ambiente digital. Eles ainda esperam contar com a milit\u00e2ncia para compartilhar os conte\u00fados do partido.<\/p>\n\n\n\n<p>Falc\u00e3o e Silva esperam debater o assunto com os demais l\u00edderes de comunica\u00e7\u00e3o dos outros diret\u00f3rios estaduais em reuni\u00e3o a ser marcada em breve.<\/p>\n","protected":false},"excerpt":{"rendered":"<p>O forte engajamento do presidente Jair Bolsonaro (PL) nas redes sociais \u00e9 a maior preocupa\u00e7\u00e3o do novo n\u00facleo de comunica\u00e7\u00e3o da campanha do ex-presidente Lula (PT). Para os auxiliares do petista, n\u00e3o \u00e9 poss\u00edvel superar o aparato digital do atual l\u00edder no Planalto a tempo das elei\u00e7\u00f5es, que ocorrem no m\u00eas de outubro. As informa\u00e7\u00f5es [&hellip;]<\/p>\n","protected":false},"author":2,"featured_media":11199,"comment_status":"open","ping_status":"open","sticky":false,"template":"","format":"standard","meta":[],"categories":[4],"tags":[14],"_links":{"self":[{"href":"https:\/\/dgospel.com.br\/portal\/index.php\/wp-json\/wp\/v2\/posts\/11198"}],"collection":[{"href":"https:\/\/dgospel.com.br\/portal\/index.php\/wp-json\/wp\/v2\/posts"}],"about":[{"href":"https:\/\/dgospel.com.br\/portal\/index.php\/wp-json\/wp\/v2\/types\/post"}],"author":[{"embeddable":true,"href":"https:\/\/dgospel.com.br\/portal\/index.php\/wp-json\/wp\/v2\/users\/2"}],"replies":[{"embeddable":true,"href":"https:\/\/dgospel.com.br\/portal\/index.php\/wp-json\/wp\/v2\/comments?post=11198"}],"version-history":[{"count":1,"href":"https:\/\/dgospel.com.br\/portal\/index.php\/wp-json\/wp\/v2\/posts\/11198\/revisions"}],"predecessor-version":[{"id":11200,"href":"https:\/\/dgospel.com.br\/portal\/index.php\/wp-json\/wp\/v2\/posts\/11198\/revisions\/11200"}],"wp:featuredmedia":[{"embeddable":true,"href":"https:\/\/dgospel.com.br\/portal\/index.php\/wp-json\/wp\/v2\/media\/11199"}],"wp:attachment":[{"href":"https:\/\/dgospel.com.br\/portal\/index.php\/wp-json\/wp\/v2\/media?parent=11198"}],"wp:term":[{"taxonomy":"category","embeddable":true,"href":"https:\/\/dgospel.com.br\/portal\/index.php\/wp-json\/wp\/v2\/categories?post=11198"},{"taxonomy":"post_tag","embeddable":true,"href":"https:\/\/dgospel.com.br\/portal\/index.php\/wp-json\/wp\/v2\/tags?post=11198"}],"curies":[{"name":"wp","href":"https:\/\/api.w.org\/{rel}","templated":true}]}}