{"id":112,"date":"2018-05-11T23:56:02","date_gmt":"2018-05-12T02:56:02","guid":{"rendered":"http:\/\/dgospel.com.br\/portal\/?p=112"},"modified":"2018-05-11T23:56:02","modified_gmt":"2018-05-12T02:56:02","slug":"lider-muculmano-revela-que-tem-planos-para-tornar-o-islamismo-a-terceira-maior-religiao-do-brasil","status":"publish","type":"post","link":"https:\/\/dgospel.com.br\/portal\/index.php\/2018\/05\/11\/lider-muculmano-revela-que-tem-planos-para-tornar-o-islamismo-a-terceira-maior-religiao-do-brasil\/","title":{"rendered":"L\u00edder mu\u00e7ulmano revela que tem planos para tornar o islamismo a terceira maior religi\u00e3o do Brasil"},"content":{"rendered":"<p>A estrat\u00e9gia de expans\u00e3o mundial do islamismo envolve o Brasil, e esse cen\u00e1rio foi abordado recentemente pelo presidente da Sociedade Beneficente Mu\u00e7ulmana, Nasser Fares. Um v\u00eddeo sobre as ambi\u00e7\u00f5es dos mu\u00e7ulmanos para o pa\u00eds vem circulando na internet e causando apreens\u00e3o.<\/p>\n<p>O islamismo vem, de forma coordenada,\u00a0<a href=\"https:\/\/noticias.gospelmais.com.br\/muculmanos-produzem-primeiro-filme-vida-maome-78686.html\"><strong>ampliando suas a\u00e7\u00f5es<\/strong><\/a>\u00a0em todos os pa\u00edses do mundo. Grande parte da expans\u00e3o, atualmente, \u00e9 centrada na Europa, e a crise imigrat\u00f3ria causada por conflitos como a guerra civil na S\u00edria, e a atua\u00e7\u00e3o de grupos extremistas em outros pa\u00edses \u00e1rabes e africanos contribuem para o aumento dos seguidores de Maom\u00e9 no Velho Continente.<\/p>\n<p>Nesse contexto de amplia\u00e7\u00e3o da presen\u00e7a isl\u00e2mica, o plano para o Brasil \u00e9 que, nos pr\u00f3ximos 20 anos, a religi\u00e3o seja a terceira maior no pa\u00eds, que historicamente tem perfil crist\u00e3o:\u00a0\u201cEste \u00e9 o nosso objetivo: transformar o islamismo na terceira maior religi\u00e3o do Brasil\u201d, afirmou Fares, durante um evento que faz parte da celebra\u00e7\u00e3o do Ramad\u00e3.<\/p>\n<p>O l\u00edder mu\u00e7ulmano citou que a Mesquita Brasil foi fundada em 1929, sendo a primeira da Am\u00e9rica Latina, e que a ideia \u00e9 fazer um \u201ctrabalho de funda\u00e7\u00e3o\u201d para tornar o islamismo uma religi\u00e3o expressiva no pa\u00eds: \u201cO trabalho que queremos fazer n\u00e3o \u00e9 de dois ou tr\u00eas anos. \u00c9 um trabalho para 20 anos, para a gente realmente solidificar o Isl\u00e3 no Brasil\u201d.<\/p>\n<p>\u201cSe hoje temos de 1,5 milh\u00e3o a 2 milh\u00f5es de mu\u00e7ulmanos no Brasil, a gente quer ter nos pr\u00f3ximos 20 anos, mais de 20 milh\u00f5es de mu\u00e7ulmanos no Brasil\u201d, projetou, acrescentando que o islamismo j\u00e1 tem a \u201cmat\u00e9ria-prima\u201d necess\u00e1ria para isso, \u201co Alcor\u00e3o\u201d.<\/p>\n<p>\u201cO nosso trabalho \u00e9 para Al\u00e1. Eu e todos voc\u00eas somos servos de Al\u00e1. Estamos trabalhando para ele e glorificando o nome dele\u201d, acrescentou. Assista:<\/p>\n<p><iframe loading=\"lazy\" title=\"L\u00edder mu\u00e7ulmano revela planos de expans\u00e3o para o Brasil - Not\u00edcias Gospel Mais\" width=\"630\" height=\"354\" src=\"https:\/\/www.youtube.com\/embed\/PH1g7tgL8PQ?feature=oembed\" frameborder=\"0\" allow=\"accelerometer; autoplay; encrypted-media; gyroscope; picture-in-picture\" allowfullscreen><\/iframe><\/p>\n<p>Fonte:\u00a0gospelmais<\/p>\n","protected":false},"excerpt":{"rendered":"<p>A estrat\u00e9gia de expans\u00e3o mundial do islamismo envolve o Brasil, e esse cen\u00e1rio foi abordado recentemente pelo presidente da Sociedade Beneficente Mu\u00e7ulmana, Nasser Fares. Um v\u00eddeo sobre as ambi\u00e7\u00f5es dos mu\u00e7ulmanos para o pa\u00eds vem circulando na internet e causando apreens\u00e3o. O islamismo vem, de forma coordenada,\u00a0ampliando suas a\u00e7\u00f5es\u00a0em todos os pa\u00edses do mundo. Grande [&hellip;]<\/p>\n","protected":false},"author":2,"featured_media":113,"comment_status":"open","ping_status":"open","sticky":false,"template":"","format":"standard","meta":[],"categories":[2,6],"tags":[],"_links":{"self":[{"href":"https:\/\/dgospel.com.br\/portal\/index.php\/wp-json\/wp\/v2\/posts\/112"}],"collection":[{"href":"https:\/\/dgospel.com.br\/portal\/index.php\/wp-json\/wp\/v2\/posts"}],"about":[{"href":"https:\/\/dgospel.com.br\/portal\/index.php\/wp-json\/wp\/v2\/types\/post"}],"author":[{"embeddable":true,"href":"https:\/\/dgospel.com.br\/portal\/index.php\/wp-json\/wp\/v2\/users\/2"}],"replies":[{"embeddable":true,"href":"https:\/\/dgospel.com.br\/portal\/index.php\/wp-json\/wp\/v2\/comments?post=112"}],"version-history":[{"count":1,"href":"https:\/\/dgospel.com.br\/portal\/index.php\/wp-json\/wp\/v2\/posts\/112\/revisions"}],"predecessor-version":[{"id":114,"href":"https:\/\/dgospel.com.br\/portal\/index.php\/wp-json\/wp\/v2\/posts\/112\/revisions\/114"}],"wp:featuredmedia":[{"embeddable":true,"href":"https:\/\/dgospel.com.br\/portal\/index.php\/wp-json\/wp\/v2\/media\/113"}],"wp:attachment":[{"href":"https:\/\/dgospel.com.br\/portal\/index.php\/wp-json\/wp\/v2\/media?parent=112"}],"wp:term":[{"taxonomy":"category","embeddable":true,"href":"https:\/\/dgospel.com.br\/portal\/index.php\/wp-json\/wp\/v2\/categories?post=112"},{"taxonomy":"post_tag","embeddable":true,"href":"https:\/\/dgospel.com.br\/portal\/index.php\/wp-json\/wp\/v2\/tags?post=112"}],"curies":[{"name":"wp","href":"https:\/\/api.w.org\/{rel}","templated":true}]}}