{"id":11209,"date":"2022-05-11T16:59:05","date_gmt":"2022-05-11T19:59:05","guid":{"rendered":"http:\/\/dgospel.com.br\/portal\/?p=11209"},"modified":"2022-05-26T15:18:49","modified_gmt":"2022-05-26T18:18:49","slug":"com-mais-de-70-expositores-pavilhao-da-agricultura-familiar-movimenta-agrotins-2022","status":"publish","type":"post","link":"https:\/\/dgospel.com.br\/portal\/index.php\/2022\/05\/11\/com-mais-de-70-expositores-pavilhao-da-agricultura-familiar-movimenta-agrotins-2022\/","title":{"rendered":"Rubens Uch\u00f4a homenageia o Assistente Social Josemy Alves em Sess\u00e3o Solene na C\u00e2mara Municipal"},"content":{"rendered":"\n<p>A manh\u00e3 desta quarta-feira, 11, na C\u00e2mara Municipal de Palmas, foi marcada pela Sess\u00e3o Solene em homenagem ao Dia do Assistente Social, celebrado anualmente no dia 15 de maio.<\/p>\n\n\n\n<p>Todos os 19 parlamentares homenagearam um profissional da \u00e1rea a fim de reconhecer o valor e import\u00e2ncia desse trabalho. O vice presidente da Casa, vereador Rubens Uch\u00f4a (Uni\u00e3o Brasil), entregou o certificado de honraria para Josemy Alves Coelho.<\/p>\n\n\n\n<p>Josemy \u00e9 assistente social graduado pelo CEULP\/ULBRA desde 2012. Segundo Rubens, a atua\u00e7\u00e3o de Josemy tem grande relev\u00e2ncia para popula\u00e7\u00e3o palmense: \u201cEssa classe \u00e9 fundamental para garantir o bem-estar f\u00edsico, psicol\u00f3gico e social daqueles que necessitam, assegurando boas condi\u00e7\u00f5es de vida\u201d, concluiu o parlamentar.<\/p>\n\n\n\n<p><strong>Biografia de Josemy<\/strong><\/p>\n\n\n\n<p>Filho de Jos\u00e9 Coelho do Nascimento e Maria de Jesus Alves Rodrigues, cresceu em Itapiratins\/TO, onde estudou at\u00e9 o Ensino M\u00e9dio na Escola Estadual Rezende de Almeida. Aos dezessete anos veio para esta capital como bolsista no curso do Servi\u00e7o Social do CEULP\/ULBRA, no qual foi graduado em fevereiro\/2012. Desde ent\u00e3o, entre Palmas e Itapiratins, atuou nas \u00e1reas de Doc\u00eancia do ensino superior, Terceiro Setor, Pol\u00edtica de Assist\u00eancia Social, Habita\u00e7\u00e3o Urbana e Rural, Sa\u00fade, Previd\u00eancia Social, Sistema Socioeducativo, Direitos da Mulher, da Pessoa Idosa e da Pessoa com Defici\u00eancia, consultoria em Planejamento Urbano e Regulariza\u00e7\u00e3o Fundi\u00e1ria, bem como na elabora\u00e7\u00e3o de projetos sociais e palestras afins.<\/p>\n\n\n\n<p>Atualmente, aos 32 anos, \u00e9 casado com a senhora Rayra de Oliveira Lima de Ara\u00fajo Coelho, Josemy trabalha como servidor efetivo no Centro de Refer\u00eancia de Assist\u00eancia Social Morada do Sol e no Centro de Interna\u00e7\u00e3o Provis\u00f3ria Masculino em Palmas\/TO e completa 10 anos na profiss\u00e3o de Assistente Social.<\/p>\n\n\n\n<p>Fonte: Soudepalmas<\/p>\n","protected":false},"excerpt":{"rendered":"<p>A manh\u00e3 desta quarta-feira, 11, na C\u00e2mara Municipal de Palmas, foi marcada pela Sess\u00e3o Solene em homenagem ao Dia do Assistente Social, celebrado anualmente no dia 15 de maio. Todos os 19 parlamentares homenagearam um profissional da \u00e1rea a fim de reconhecer o valor e import\u00e2ncia desse trabalho. O vice presidente da Casa, vereador Rubens [&hellip;]<\/p>\n","protected":false},"author":2,"featured_media":11326,"comment_status":"open","ping_status":"open","sticky":false,"template":"","format":"standard","meta":[],"categories":[8],"tags":[],"_links":{"self":[{"href":"https:\/\/dgospel.com.br\/portal\/index.php\/wp-json\/wp\/v2\/posts\/11209"}],"collection":[{"href":"https:\/\/dgospel.com.br\/portal\/index.php\/wp-json\/wp\/v2\/posts"}],"about":[{"href":"https:\/\/dgospel.com.br\/portal\/index.php\/wp-json\/wp\/v2\/types\/post"}],"author":[{"embeddable":true,"href":"https:\/\/dgospel.com.br\/portal\/index.php\/wp-json\/wp\/v2\/users\/2"}],"replies":[{"embeddable":true,"href":"https:\/\/dgospel.com.br\/portal\/index.php\/wp-json\/wp\/v2\/comments?post=11209"}],"version-history":[{"count":2,"href":"https:\/\/dgospel.com.br\/portal\/index.php\/wp-json\/wp\/v2\/posts\/11209\/revisions"}],"predecessor-version":[{"id":11327,"href":"https:\/\/dgospel.com.br\/portal\/index.php\/wp-json\/wp\/v2\/posts\/11209\/revisions\/11327"}],"wp:featuredmedia":[{"embeddable":true,"href":"https:\/\/dgospel.com.br\/portal\/index.php\/wp-json\/wp\/v2\/media\/11326"}],"wp:attachment":[{"href":"https:\/\/dgospel.com.br\/portal\/index.php\/wp-json\/wp\/v2\/media?parent=11209"}],"wp:term":[{"taxonomy":"category","embeddable":true,"href":"https:\/\/dgospel.com.br\/portal\/index.php\/wp-json\/wp\/v2\/categories?post=11209"},{"taxonomy":"post_tag","embeddable":true,"href":"https:\/\/dgospel.com.br\/portal\/index.php\/wp-json\/wp\/v2\/tags?post=11209"}],"curies":[{"name":"wp","href":"https:\/\/api.w.org\/{rel}","templated":true}]}}