{"id":11212,"date":"2022-05-11T17:01:28","date_gmt":"2022-05-11T20:01:28","guid":{"rendered":"http:\/\/dgospel.com.br\/portal\/?p=11212"},"modified":"2022-05-26T14:58:36","modified_gmt":"2022-05-26T17:58:36","slug":"jucetins-participa-da-agrotins-2022-e-leva-palestra-para-cooperativas","status":"publish","type":"post","link":"https:\/\/dgospel.com.br\/portal\/index.php\/2022\/05\/11\/jucetins-participa-da-agrotins-2022-e-leva-palestra-para-cooperativas\/","title":{"rendered":"Vereador Rubens Uch\u00f4a participa da abertura oficial da Agrotins"},"content":{"rendered":"\n<p>O vereador Rubens Uch\u00f4a esteve no\nCentro Agrotecnol\u00f3gico de Palmas nesta quarta-feira, 11, para participar da\nabertura oficial da Agrotins 2022.&nbsp; Uch\u00f4a foi o representante oficial da\nC\u00e2mara de Vereadores da capital e tamb\u00e9m da presidente da casa Janad Valcari.<\/p>\n\n\n\n<p>O parlamentar fez quest\u00e3o de prestigiar o retorno da Agrotins em\nformato presencial. Todo o estado estava sentindo falta da maior feira de\nagroneg\u00f3cio da regi\u00e3o Norte do pa\u00eds, j\u00e1 que nos \u00faltimos dois anos, a feira\nprecisou ser realizada em formato digital em raz\u00e3o da pandemia que cancelou\neventos e aglomera\u00e7\u00f5es em todo o Tocantins.<\/p>\n\n\n\n<p>\u201cA Agrotins \u00e9 essencial para nossa economia. Com a feira temos\ngera\u00e7\u00e3o de renda, desenvolvimento econ\u00f4mico. \u00c9 o momento ideal para fecharmos\nneg\u00f3cios, parcerias e investimentos para todo o estado\u201d, destaca.<\/p>\n\n\n\n<p>At\u00e9 o pr\u00f3ximo s\u00e1bado, 14, a expectativa \u00e9 de que 120 mil pessoas participem da feira. R$ 2 bilh\u00f5es devem ser movimentados em neg\u00f3cios na Agrotins.<\/p>\n\n\n\n<p><\/p>\n","protected":false},"excerpt":{"rendered":"<p>O vereador Rubens Uch\u00f4a esteve no Centro Agrotecnol\u00f3gico de Palmas nesta quarta-feira, 11, para participar da abertura oficial da Agrotins 2022.&nbsp; Uch\u00f4a foi o representante oficial da C\u00e2mara de Vereadores da capital e tamb\u00e9m da presidente da casa Janad Valcari. O parlamentar fez quest\u00e3o de prestigiar o retorno da Agrotins em formato presencial. Todo o [&hellip;]<\/p>\n","protected":false},"author":2,"featured_media":11322,"comment_status":"open","ping_status":"open","sticky":false,"template":"","format":"standard","meta":[],"categories":[8],"tags":[13],"_links":{"self":[{"href":"https:\/\/dgospel.com.br\/portal\/index.php\/wp-json\/wp\/v2\/posts\/11212"}],"collection":[{"href":"https:\/\/dgospel.com.br\/portal\/index.php\/wp-json\/wp\/v2\/posts"}],"about":[{"href":"https:\/\/dgospel.com.br\/portal\/index.php\/wp-json\/wp\/v2\/types\/post"}],"author":[{"embeddable":true,"href":"https:\/\/dgospel.com.br\/portal\/index.php\/wp-json\/wp\/v2\/users\/2"}],"replies":[{"embeddable":true,"href":"https:\/\/dgospel.com.br\/portal\/index.php\/wp-json\/wp\/v2\/comments?post=11212"}],"version-history":[{"count":2,"href":"https:\/\/dgospel.com.br\/portal\/index.php\/wp-json\/wp\/v2\/posts\/11212\/revisions"}],"predecessor-version":[{"id":11323,"href":"https:\/\/dgospel.com.br\/portal\/index.php\/wp-json\/wp\/v2\/posts\/11212\/revisions\/11323"}],"wp:featuredmedia":[{"embeddable":true,"href":"https:\/\/dgospel.com.br\/portal\/index.php\/wp-json\/wp\/v2\/media\/11322"}],"wp:attachment":[{"href":"https:\/\/dgospel.com.br\/portal\/index.php\/wp-json\/wp\/v2\/media?parent=11212"}],"wp:term":[{"taxonomy":"category","embeddable":true,"href":"https:\/\/dgospel.com.br\/portal\/index.php\/wp-json\/wp\/v2\/categories?post=11212"},{"taxonomy":"post_tag","embeddable":true,"href":"https:\/\/dgospel.com.br\/portal\/index.php\/wp-json\/wp\/v2\/tags?post=11212"}],"curies":[{"name":"wp","href":"https:\/\/api.w.org\/{rel}","templated":true}]}}