{"id":11218,"date":"2022-05-11T17:06:31","date_gmt":"2022-05-11T20:06:31","guid":{"rendered":"http:\/\/dgospel.com.br\/portal\/?p=11218"},"modified":"2022-05-11T17:06:32","modified_gmt":"2022-05-11T20:06:32","slug":"governo-abre-oficialmente-agrotins-2022-e-lanca-edital-de-pesquisa-agropecuaria-no-valor-de-r-2-milhoes","status":"publish","type":"post","link":"https:\/\/dgospel.com.br\/portal\/index.php\/2022\/05\/11\/governo-abre-oficialmente-agrotins-2022-e-lanca-edital-de-pesquisa-agropecuaria-no-valor-de-r-2-milhoes\/","title":{"rendered":"Governo abre oficialmente Agrotins 2022 e lan\u00e7a edital de pesquisa agropecu\u00e1ria no valor de R$ 2 milh\u00f5es"},"content":{"rendered":"\n<p>O governador do Estado do Tocantins, Wanderlei Barbosa, lan\u00e7ou o Edital de Pesquisa Agropecu\u00e1ria, no valor de R$ 2 milh\u00f5es, que visa contribuir para o fortalecimento do setor. O ato foi realizado nesta quarta-feira, 11, durante a abertura oficial da 22\u00aa edi\u00e7\u00e3o da Feira de Tecnologia Agropecu\u00e1ria do Tocantins (Agrotins 2022), que teve in\u00edcio nessa ter\u00e7a-feira, 10, e prossegue at\u00e9 o s\u00e1bado, 14, no Parque Agrotecnol\u00f3gico do Tocantins. Com o tema&nbsp;<em>Integrar: Intensificar e Preservar<\/em>, a Agrotins 2022 visa apresentar novidades para o desenvolvimento da produ\u00e7\u00e3o, apoiar e incentivar a agricultura sustent\u00e1vel.<\/p>\n\n\n\n<p>O governador Wanderlei Barbosa destacou que o Edital de Pesquisa Agropecu\u00e1ria \u00e9 importante para o desenvolvimento do setor. \u201cEssa parceria entre os pesquisadores vai permitir importantes projetos, que possibilitar\u00e3o alavancar a nossa produ\u00e7\u00e3o, gerar emprego para o povo e, automaticamente, promover o crescimento do Estado\u201d, pontuou.<\/p>\n\n\n\n<p>Durante a abertura oficial da Feira, o governador Wanderlei Barbosa destacou a import\u00e2ncia do agroneg\u00f3cio para a economia do Estado e anunciou a implanta\u00e7\u00e3o da infraestrutura do parque para a pr\u00f3xima edi\u00e7\u00e3o, para melhor acolher os visitantes e os expositores. O governador tamb\u00e9m lembrou o estado das rodovias estaduais e o planejamento da gest\u00e3o para recuper\u00e1-las e para melhorar o escoamento da produ\u00e7\u00e3o, por acreditar que o desenvolvimento passa necessariamente por uma infraestrutura rodovi\u00e1ria de qualidade e uma carga tribut\u00e1ria humanizada. \u201cO produtor precisa de estradas de boa qualidade para o escoamento da produ\u00e7\u00e3o e uma carga tribut\u00e1ria justa e humanit\u00e1ria. S\u00f3 assim vamos atrair novos investidores e promover o crescimento do Tocantins, que tem no agroneg\u00f3cio uma das suas principais atividades econ\u00f4micas\u201d, ressaltou o Governador.<\/p>\n\n\n\n<p>O titular da Secretaria de Estado da Agricultura, Pecu\u00e1ria e Aquicultura (Seagro), Jaime Caf\u00e9, destacou que a Agrotins constitui o maior evento do g\u00eanero na regi\u00e3o Norte e uma das maiores do Brasil. \u201cSomente no primeiro dia foi registrada uma movimenta\u00e7\u00e3o de neg\u00f3cio na ordem de meio bilh\u00e3o de reais, entre as empresas e os produtores, o que nos leva a acreditar que vamos ultrapassar a meta dos R$ 2 bilh\u00f5es e mais de 120 mil visitantes. Isso \u00e9 reflexo dos investimentos realizados pelo Governo do Tocantins e temos a convic\u00e7\u00e3o de que, com os investimentos anunciados pelo Governador, o local vai ficar ainda mais aconchegante para expositores e visitantes\u201d, frisou.<\/p>\n\n\n\n<p>O presidente da Assembleia Legislativa, Antonio Andrade, afirmou que essa feira constitui um momento importante para o Estado e que a Assembleia Legislativa \u00e9 parceira do Governo. &#8220;Gra\u00e7as ao trabalho do Governo do Estado, hoje, temos a maior feira da regi\u00e3o Norte e esses n\u00fameros colocam o Tocantins em destaque no Brasil\u201d, comentou.&nbsp;<\/p>\n\n\n\n<p><strong>Edital<\/strong><\/p>\n\n\n\n<p>O Edital de Pesquisa Agropecu\u00e1ria prev\u00ea a aplica\u00e7\u00e3o de recursos no valor de R$ 2 milh\u00f5es, oriundos do or\u00e7amento do Fundo Estadual de Ci\u00eancia e Tecnologia e liberados de acordo com a disponibilidade or\u00e7ament\u00e1ria e financeira. Ser\u00e3o financiadas at\u00e9 40 propostas no valor de at\u00e9 R$ 47.500 para cada proponente.<\/p>\n\n\n\n<p>O proponente respons\u00e1vel pela apresenta\u00e7\u00e3o da proposta deve possuir v\u00ednculo empregat\u00edcio com a institui\u00e7\u00e3o de Ci\u00eancia e Tecnologia e inova\u00e7\u00e3o, possuir t\u00edtulo de doutor, coordenar ou participar de um grupo de pesquisa do Conselho Nacional de Desenvolvimento Cient\u00edfico e Tecnol\u00f3gico (CNPq).<\/p>\n\n\n\n<p><strong>Agrotins 2022<\/strong><\/p>\n\n\n\n<p>A feira \u00e9 uma realiza\u00e7\u00e3o do Governo do Tocantins, por meio da Seagro, da Ag\u00eancia de Defesa Agropecu\u00e1ria (Adapec), do Instituto de Desenvolvimento Rural do Tocantins (Ruraltins), da Funda\u00e7\u00e3o de Amparo \u00e0 Pesquisa (Fapt) e da Tocantins Parcerias, em conjunto com empresas, institui\u00e7\u00f5es e \u00f3rg\u00e3os p\u00fablicos, de pesquisas e educacionais, entre outras.<\/p>\n\n\n\n<p><strong>Computadores<\/strong><\/p>\n\n\n\n<p>Al\u00e9m de percorrer a estrutura da feira e visitar os estandes de expositores, o Governador tamb\u00e9m realizou a entrega simb\u00f3lica de 20 computadores para pesquisadores do setor agropecu\u00e1rio. Os equipamentos foram adquiridos por meio de conv\u00eanio com a Financiadora de Estudos e Projetos (Finep), ligada ao Minist\u00e9rio da Ci\u00eancia e Tecnologia.<\/p>\n\n\n\n<p><strong>Presen\u00e7a<\/strong><\/p>\n\n\n\n<p>O evento contou com a presen\u00e7a do representante do Minist\u00e9rio da Agricultura, Pecu\u00e1ria e Abastecimento (Mapa), Marcio Candido, de representantes de institui\u00e7\u00f5es financeiras, de \u00f3rg\u00e3os p\u00fablicos, senadores, deputados federais, estaduais, prefeitos, vereadores e auxiliares do Governo do Tocantins.<\/p>\n\n\n\n<figure class=\"wp-block-image\"><img src=\"https:\/\/central.to.gov.br\/image\/291207?w=670&amp;h=383\" alt=\"\"\/><\/figure>\n\n\n\n<p>O governador Wanderlei Barbosa e demais autoridades e gestores do Tocantins percorreram a estrutura da feira e visitaram os estandes de expositores &#8211; Aldemar Ribeiro\/Governo do Tocantins\u00a0<\/p>\n\n\n\n<figure class=\"wp-block-image\"><img src=\"https:\/\/central.to.gov.br\/image\/291206?w=670&amp;h=383\" alt=\"\"\/><\/figure>\n\n\n\n<p>Wanderlei Barbosa destacou a import\u00e2ncia do agroneg\u00f3cio para a economia do Estado e anunciou a implanta\u00e7\u00e3o da infraestrutura do parque para a pr\u00f3xima edi\u00e7\u00e3o &#8211; Antonio Gon\u00e7alves\/Governo do Tocantins\u00a0<\/p>\n\n\n\n<figure class=\"wp-block-image\"><img src=\"https:\/\/central.to.gov.br\/image\/291205?w=670&amp;h=383\" alt=\"\"\/><\/figure>\n\n\n\n<p>Agrotins 2022 teve in\u00edcio nessa ter\u00e7a-feira, 10, e prossegue at\u00e9 o s\u00e1bado, 14, no Parque Agrotecnol\u00f3gico do Tocantins &#8211; Antonio Gon\u00e7alves\/Governo do Tocantins\u00a0<\/p>\n","protected":false},"excerpt":{"rendered":"<p>O governador do Estado do Tocantins, Wanderlei Barbosa, lan\u00e7ou o Edital de Pesquisa Agropecu\u00e1ria, no valor de R$ 2 milh\u00f5es, que visa contribuir para o fortalecimento do setor. O ato foi realizado nesta quarta-feira, 11, durante a abertura oficial da 22\u00aa edi\u00e7\u00e3o da Feira de Tecnologia Agropecu\u00e1ria do Tocantins (Agrotins 2022), que teve in\u00edcio nessa [&hellip;]<\/p>\n","protected":false},"author":2,"featured_media":11219,"comment_status":"open","ping_status":"open","sticky":false,"template":"","format":"standard","meta":[],"categories":[3],"tags":[13],"_links":{"self":[{"href":"https:\/\/dgospel.com.br\/portal\/index.php\/wp-json\/wp\/v2\/posts\/11218"}],"collection":[{"href":"https:\/\/dgospel.com.br\/portal\/index.php\/wp-json\/wp\/v2\/posts"}],"about":[{"href":"https:\/\/dgospel.com.br\/portal\/index.php\/wp-json\/wp\/v2\/types\/post"}],"author":[{"embeddable":true,"href":"https:\/\/dgospel.com.br\/portal\/index.php\/wp-json\/wp\/v2\/users\/2"}],"replies":[{"embeddable":true,"href":"https:\/\/dgospel.com.br\/portal\/index.php\/wp-json\/wp\/v2\/comments?post=11218"}],"version-history":[{"count":1,"href":"https:\/\/dgospel.com.br\/portal\/index.php\/wp-json\/wp\/v2\/posts\/11218\/revisions"}],"predecessor-version":[{"id":11220,"href":"https:\/\/dgospel.com.br\/portal\/index.php\/wp-json\/wp\/v2\/posts\/11218\/revisions\/11220"}],"wp:featuredmedia":[{"embeddable":true,"href":"https:\/\/dgospel.com.br\/portal\/index.php\/wp-json\/wp\/v2\/media\/11219"}],"wp:attachment":[{"href":"https:\/\/dgospel.com.br\/portal\/index.php\/wp-json\/wp\/v2\/media?parent=11218"}],"wp:term":[{"taxonomy":"category","embeddable":true,"href":"https:\/\/dgospel.com.br\/portal\/index.php\/wp-json\/wp\/v2\/categories?post=11218"},{"taxonomy":"post_tag","embeddable":true,"href":"https:\/\/dgospel.com.br\/portal\/index.php\/wp-json\/wp\/v2\/tags?post=11218"}],"curies":[{"name":"wp","href":"https:\/\/api.w.org\/{rel}","templated":true}]}}