{"id":11221,"date":"2022-05-13T11:00:20","date_gmt":"2022-05-13T14:00:20","guid":{"rendered":"http:\/\/dgospel.com.br\/portal\/?p=11221"},"modified":"2022-05-13T11:00:21","modified_gmt":"2022-05-13T14:00:21","slug":"camara-aprova-projeto-que-cria-o-dia-nacional-do-cristao","status":"publish","type":"post","link":"https:\/\/dgospel.com.br\/portal\/index.php\/2022\/05\/13\/camara-aprova-projeto-que-cria-o-dia-nacional-do-cristao\/","title":{"rendered":"C\u00e2mara aprova projeto que cria o Dia Nacional do Crist\u00e3o"},"content":{"rendered":"\n<p>Nesta quinta-feira (12), a C\u00e2mara dos Deputados aprovou, em vota\u00e7\u00e3o simb\u00f3lica, um projeto de lei que cria o Dia Nacional do Crist\u00e3o. A medida estabelece que a data ser\u00e1 celebrada no primeiro domingo de junho.<\/p>\n\n\n\n<p>O PL 2.832\/2021 \u00e9 de autoria da deputada Soraya Manato (PTB-ES) e&nbsp;<a href=\"https:\/\/www.camara.leg.br\/proposicoesWeb\/fichadetramitacao?idProposicao=2294311\" target=\"_blank\" rel=\"noreferrer noopener\">de outros deputados<\/a>. Como justificativa para a proposta, os deputados apontaram que a \u201cinstitui\u00e7\u00e3o do Dia Nacional do Crist\u00e3o atende, portanto, ao crit\u00e9rio de alta significa\u00e7\u00e3o para o maior segmento religioso existente no pa\u00eds\u201d.<\/p>\n\n\n\n<p>O texto foi relatado pelo deputado Jefferson Campos (PL-SP), que ressaltou que, \u201cal\u00e9m da relevante express\u00e3o num\u00e9rica, tem-se o impacto da sua participa\u00e7\u00e3o na sociedade brasileira\u201d. Ele apontou ainda que os \u201ccrist\u00e3os ocupam espa\u00e7o na pol\u00edtica, na m\u00eddia, no esporte e na cultura do pa\u00eds, bem como representam significativo papel em quest\u00f5es sociais, de assist\u00eancia, dignidade humana, combate \u00e0s drogas e \u00e0 fome\u201d.<\/p>\n\n\n\n<p>O texto agora seguir\u00e1 para an\u00e1lise no Senado.<\/p>\n","protected":false},"excerpt":{"rendered":"<p>Nesta quinta-feira (12), a C\u00e2mara dos Deputados aprovou, em vota\u00e7\u00e3o simb\u00f3lica, um projeto de lei que cria o Dia Nacional do Crist\u00e3o. A medida estabelece que a data ser\u00e1 celebrada no primeiro domingo de junho. O PL 2.832\/2021 \u00e9 de autoria da deputada Soraya Manato (PTB-ES) e&nbsp;de outros deputados. Como justificativa para a proposta, os [&hellip;]<\/p>\n","protected":false},"author":2,"featured_media":11222,"comment_status":"open","ping_status":"open","sticky":false,"template":"","format":"standard","meta":[],"categories":[8,4],"tags":[],"_links":{"self":[{"href":"https:\/\/dgospel.com.br\/portal\/index.php\/wp-json\/wp\/v2\/posts\/11221"}],"collection":[{"href":"https:\/\/dgospel.com.br\/portal\/index.php\/wp-json\/wp\/v2\/posts"}],"about":[{"href":"https:\/\/dgospel.com.br\/portal\/index.php\/wp-json\/wp\/v2\/types\/post"}],"author":[{"embeddable":true,"href":"https:\/\/dgospel.com.br\/portal\/index.php\/wp-json\/wp\/v2\/users\/2"}],"replies":[{"embeddable":true,"href":"https:\/\/dgospel.com.br\/portal\/index.php\/wp-json\/wp\/v2\/comments?post=11221"}],"version-history":[{"count":1,"href":"https:\/\/dgospel.com.br\/portal\/index.php\/wp-json\/wp\/v2\/posts\/11221\/revisions"}],"predecessor-version":[{"id":11223,"href":"https:\/\/dgospel.com.br\/portal\/index.php\/wp-json\/wp\/v2\/posts\/11221\/revisions\/11223"}],"wp:featuredmedia":[{"embeddable":true,"href":"https:\/\/dgospel.com.br\/portal\/index.php\/wp-json\/wp\/v2\/media\/11222"}],"wp:attachment":[{"href":"https:\/\/dgospel.com.br\/portal\/index.php\/wp-json\/wp\/v2\/media?parent=11221"}],"wp:term":[{"taxonomy":"category","embeddable":true,"href":"https:\/\/dgospel.com.br\/portal\/index.php\/wp-json\/wp\/v2\/categories?post=11221"},{"taxonomy":"post_tag","embeddable":true,"href":"https:\/\/dgospel.com.br\/portal\/index.php\/wp-json\/wp\/v2\/tags?post=11221"}],"curies":[{"name":"wp","href":"https:\/\/api.w.org\/{rel}","templated":true}]}}