{"id":11228,"date":"2022-05-13T16:09:51","date_gmt":"2022-05-13T19:09:51","guid":{"rendered":"http:\/\/dgospel.com.br\/portal\/?p=11228"},"modified":"2022-05-13T16:09:52","modified_gmt":"2022-05-13T19:09:52","slug":"um-dia-a-mascara-caiu-diz-ex-feiticeira-sobre-o-momento-da-sua-conversao","status":"publish","type":"post","link":"https:\/\/dgospel.com.br\/portal\/index.php\/2022\/05\/13\/um-dia-a-mascara-caiu-diz-ex-feiticeira-sobre-o-momento-da-sua-conversao\/","title":{"rendered":"\u201cUm dia a m\u00e1scara caiu\u201d, diz ex-feiticeira sobre o momento da sua convers\u00e3o"},"content":{"rendered":"\n<p>\n\nDurante uma live nesta quinta-feira (12),&nbsp;<a href=\"https:\/\/www.guiame.com.br\/gospel\/mundo-cristao\/joana-prado-fala-sobre-tempos-de-feiticeira-entrava-no-camarim-e-chorava-de-solucar.html\"><strong>Joana Prado Belfort<\/strong><\/a>&nbsp;\u2014 que ficou conhecida como Feiticeira \u2014 disse \u00e0&nbsp;<a href=\"https:\/\/guiame.com.br\/gospel\/familia\/karina-bacchi-testemunha-como-teve-casamento-restaurado-deus-nao-quis-nossa-separacao.html\"><strong>Karina Bacchi<\/strong><\/a>&nbsp;que, muitas vezes, \u201ccriamos um personagem, mas nossa verdadeira ess\u00eancia sempre vai se revelar\u201d.\n\n<\/p>\n\n\n\n<figure class=\"wp-block-image\"><img src=\"https:\/\/thumbor.guiame.com.br\/unsafe\/840x500\/http:\/\/media.guiame.com.br\/archives\/2022\/05\/12\/3733476876-joana-prado.jpg\" alt=\"Foto: Joana Prado Belfort. (Foto: Reprodu\u00e7\u00e3o\/Instagram Joana Prado B)\"\/><figcaption>Foto: Joana Prado Belfort. (Foto: Reprodu\u00e7\u00e3o\/Instagram Joana Prado B)<\/figcaption><\/figure>\n\n\n\n\n\n<p>\u201cUm dia a m\u00e1scara caiu\u201d, disse ao se referir \u00e0 transforma\u00e7\u00e3o de vida que teve quando conheceu o Evangelho. Sobre seguir o cristianismo, ela ressaltou que \u201cn\u00e3o basta se tornar mais um crist\u00e3o, \u00e9 preciso ser disc\u00edpulo de Jesus\u201d.&nbsp;PUBLICIDADE&nbsp;&nbsp;<\/p>\n\n\n\n\n\n<p>Para a ex-dan\u00e7arina, o cristianismo \u00e9 um estilo de vida: \u201c<a href=\"https:\/\/www.guiame.com.br\/gospel\/noticias\/joana-prado-e-vitor-belfort-perdem-patrocinio-por-critica-banheiro-unissex.html\"><strong>\u00c9 uma escolha<\/strong><\/a>&nbsp;que fazemos de abandonar a velha criatura para viver em novidade\u201d.<\/p>\n\n\n\n<p><strong>\u201cMe arrependo da \u00e9poca da Feiticeira\u201d<\/strong><\/p>\n\n\n\n<p>Sobre o estilo de vida crist\u00e3o, ela destacou que \u00e9 necess\u00e1rio viver corretamente em todas as \u00e1reas da vida.&nbsp;<\/p>\n\n\n\n<p>\u201cA vida \u00e9 indivis\u00edvel, devemos ser corretos em todas as \u00e1reas e\u00a0<a href=\"https:\/\/guiame.com.br\/gospel\/mundo-cristao\/e-possivel-viver-sempre-no-primeiro-amor-diz-nivea-soares.html\"><strong>viver de princ\u00edpios<\/strong><\/a>, n\u00e3o de prefer\u00eancias. N\u00e3o podemos confundir liberdade com libertinagem\u201d, explicou.\u00a0\u00a0<\/p>\n\n\n\n<figure class=\"wp-block-embed-youtube wp-block-embed is-type-video is-provider-youtube wp-embed-aspect-16-9 wp-has-aspect-ratio\"><div class=\"wp-block-embed__wrapper\">\n<iframe loading=\"lazy\" title=\"TRANSFORMADAS PELA F\u00c9\" width=\"630\" height=\"354\" src=\"https:\/\/www.youtube.com\/embed\/G5YBkVtgx8g?start=1&#038;feature=oembed\" frameborder=\"0\" allow=\"accelerometer; autoplay; clipboard-write; encrypted-media; gyroscope; picture-in-picture\" allowfullscreen><\/iframe>\n<\/div><\/figure>\n\n\n\n<p>Sobre a \u00e9poca em que Joana atuou como \u201cFeiticeira\u201d, ela disse que se arrepende. \u201cMe arrependo da \u00e9poca da Feiticeira e&nbsp;<a href=\"https:\/\/www.guiame.com.br\/gospel\/noticias\/mulher-se-arrepende-de-ter-feito-cirurgia-de-mudanca-de-sexo-me-sinto-mutilada.html\"><strong>arrependimento<\/strong><\/a>&nbsp;significa mudan\u00e7a de vida\u201d, mencionou.<\/p>\n\n\n\n<p>\u201cMas isso fez parte da minha vida e eu amadureci com tudo isso. Apesar de ter feito PlayBoy e ter sido considerada&nbsp;<a href=\"https:\/\/guiame.com.br\/gospel\/mundo-cristao\/considerada-simbolo-sexual-megan-fox-revela-que-fala-em-linguas-desde-os-8-anos-de-idade.html\"><strong>s\u00edmbolo sexual<\/strong><\/a>, nunca vendi o meu corpo de forma literal, eu sempre me preservei\u201d, compartilhou.&nbsp;<\/p>\n\n\n\n<p><strong>\u201cA Casa da M\u00e3e Joana\u201d<\/strong><\/p>\n\n\n\n<p>Joana Prado Belfort \u00e9 casada com o lutador&nbsp;<a href=\"https:\/\/guiame.com.br\/gospel\/mundo-cristao\/vitor-belfort-eu-vivo-uma-vida-de-relacionamento-com-deus.html\"><strong>Vitor Belfort<\/strong><\/a>&nbsp;e tem tr\u00eas filhos. Recentemente, ela escreveu seu primeiro livro \u201cA Casa da M\u00e3e Joana\u201d, contando sobre suas viv\u00eancias como mulher e educadora dos pr\u00f3prios filhos.&nbsp;<\/p>\n\n\n\n<p>A obra conta sobre suas experi\u00eancias particulares. \u201cA Casa da M\u00e3e Joana \u00e9 um livro saturado de&nbsp;<a href=\"https:\/\/guiame.com.br\/gospel\/mundo-cristao\/duelo-de-vitor-belfort-e-adiado-mais-uma-vez-e-lutador-desabafa-deus-e-quem-sabe-o-que-e-melhor.html\"><strong>experi\u00eancias<\/strong><\/a>&nbsp;particulares, um espa\u00e7o s\u00f3cio emocional, onde voc\u00ea pode entrar sem pedir licen\u00e7a e sentar no lugar que quiser e do jeito mais confort\u00e1vel que desejar\u201d, escreveu o psiquiatra Augusto Cury em seu pref\u00e1cio.&nbsp;<\/p>\n\n\n\n<p>\u201cD\u00e1 para sentir nas entrelinhas que Joana quer instigar as mulheres de todas as idades, incluindo adolescentes, encorajando-as a serem&nbsp;<a href=\"https:\/\/guiame.com.br\/gospel\/noticias\/mulher-considerada-mais-forte-do-brasil-diz-que-toda-forca-esta-em-jesus.html\"><strong>fortes, resilientes, altru\u00edstas<\/strong><\/a>, capazes, acima de tudo, de namorar a pr\u00f3pria vida antes de namorar algu\u00e9m\u201d, ele resumiu.<\/p>\n","protected":false},"excerpt":{"rendered":"<p>Durante uma live nesta quinta-feira (12),&nbsp;Joana Prado Belfort&nbsp;\u2014 que ficou conhecida como Feiticeira \u2014 disse \u00e0&nbsp;Karina Bacchi&nbsp;que, muitas vezes, \u201ccriamos um personagem, mas nossa verdadeira ess\u00eancia sempre vai se revelar\u201d. \u201cUm dia a m\u00e1scara caiu\u201d, disse ao se referir \u00e0 transforma\u00e7\u00e3o de vida que teve quando conheceu o Evangelho. Sobre seguir o cristianismo, ela ressaltou [&hellip;]<\/p>\n","protected":false},"author":2,"featured_media":11229,"comment_status":"open","ping_status":"open","sticky":false,"template":"","format":"standard","meta":[],"categories":[17,5],"tags":[],"_links":{"self":[{"href":"https:\/\/dgospel.com.br\/portal\/index.php\/wp-json\/wp\/v2\/posts\/11228"}],"collection":[{"href":"https:\/\/dgospel.com.br\/portal\/index.php\/wp-json\/wp\/v2\/posts"}],"about":[{"href":"https:\/\/dgospel.com.br\/portal\/index.php\/wp-json\/wp\/v2\/types\/post"}],"author":[{"embeddable":true,"href":"https:\/\/dgospel.com.br\/portal\/index.php\/wp-json\/wp\/v2\/users\/2"}],"replies":[{"embeddable":true,"href":"https:\/\/dgospel.com.br\/portal\/index.php\/wp-json\/wp\/v2\/comments?post=11228"}],"version-history":[{"count":1,"href":"https:\/\/dgospel.com.br\/portal\/index.php\/wp-json\/wp\/v2\/posts\/11228\/revisions"}],"predecessor-version":[{"id":11230,"href":"https:\/\/dgospel.com.br\/portal\/index.php\/wp-json\/wp\/v2\/posts\/11228\/revisions\/11230"}],"wp:featuredmedia":[{"embeddable":true,"href":"https:\/\/dgospel.com.br\/portal\/index.php\/wp-json\/wp\/v2\/media\/11229"}],"wp:attachment":[{"href":"https:\/\/dgospel.com.br\/portal\/index.php\/wp-json\/wp\/v2\/media?parent=11228"}],"wp:term":[{"taxonomy":"category","embeddable":true,"href":"https:\/\/dgospel.com.br\/portal\/index.php\/wp-json\/wp\/v2\/categories?post=11228"},{"taxonomy":"post_tag","embeddable":true,"href":"https:\/\/dgospel.com.br\/portal\/index.php\/wp-json\/wp\/v2\/tags?post=11228"}],"curies":[{"name":"wp","href":"https:\/\/api.w.org\/{rel}","templated":true}]}}