{"id":11234,"date":"2022-05-13T16:15:52","date_gmt":"2022-05-13T19:15:52","guid":{"rendered":"http:\/\/dgospel.com.br\/portal\/?p=11234"},"modified":"2022-05-13T16:15:53","modified_gmt":"2022-05-13T19:15:53","slug":"governo-do-tocantins-busca-solucoes-para-os-servicos-laboratoriais-aos-usuarios-do-sus","status":"publish","type":"post","link":"https:\/\/dgospel.com.br\/portal\/index.php\/2022\/05\/13\/governo-do-tocantins-busca-solucoes-para-os-servicos-laboratoriais-aos-usuarios-do-sus\/","title":{"rendered":"Governo do Tocantins busca solu\u00e7\u00f5es para os servi\u00e7os laboratoriais aos usu\u00e1rios do SUS"},"content":{"rendered":"\n<p>As \u00e1reas t\u00e9cnicas da Secretaria de Estado da Sa\u00fade (SES-TO) reuniram-se nesta quinta-feira, 12, para alinhamento de a\u00e7\u00f5es resolutivas para os servi\u00e7os laboratoriais ofertados aos usu\u00e1rios do Sistema \u00danico de Sa\u00fade (SUS), no Estado do Tocantins. A medida \u00e9 necess\u00e1ria ap\u00f3s a rescis\u00e3o contratual entre o Governo do Tocantins e o Sicar Laborat\u00f3rios Eirele.<\/p>\n\n\n\n<p>Na reuni\u00e3o, o secret\u00e1rio de Estado da Sa\u00fade, Afonso Piva pediu agilidade das equipes. \u201cPrecisamos ser \u00e1geis na solu\u00e7\u00e3o do problema para que a popula\u00e7\u00e3o n\u00e3o seja prejudicada e os pacientes tenham seus diagn\u00f3sticos em m\u00e3os, recebam o tratamento adequado e restaure sua sa\u00fade\u201d, disse.<\/p>\n\n\n\n<p>No encontro ficou definido que o Laborat\u00f3rio de Sa\u00fade P\u00fablica do Tocantins (Lacen-TO) catalogar\u00e1 todas as amostras encontradas na sede do Sicar e avaliar\u00e1 a qualidade do material. Aliado a isso, o \u00f3rg\u00e3o tamb\u00e9m receber\u00e1 todas as amostras que j\u00e1 foram coletadas pelas unidades hospitalares.&nbsp;<\/p>\n\n\n\n<p>Para a an\u00e1lise das amostras a SES-TO buscou parceria com a Secretaria de Sa\u00fade de Palmas, que analisar\u00e1 a capacidade t\u00e9cnica para atender ao pedido. \u201cConversamos com o munic\u00edpio de Palmas e esperamos uma resposta nos pr\u00f3ximos dias. Aliado a isso, nossas equipes estudam a possibilidade de uma requisi\u00e7\u00e3o administrativa e credenciamento de empresas especializadas\u201d, disse Afonso Piva.<\/p>\n\n\n\n<p><strong>Lacen-TO<\/strong><\/p>\n\n\n\n<p>Desde o ano passado, o LACEN-TO est\u00e1 se preparando para a realiza\u00e7\u00e3o dos exames de Rastreamento do C\u00e2ncer de Colo de \u00datero. Para isso a unidade j\u00e1 tem as equipes treinadas e est\u00e1 em fase final de instala\u00e7\u00e3o de equipamentos. \u201cA partir da estrutura\u00e7\u00e3o do LACEN-TO teremos um servi\u00e7o de qualidade, com tecnologia inovadora, ofertado pela pr\u00f3pria Secretaria, o que reduz custos e tempo na entrega dos resultados\u201d, afirmou a superintendente de Vigil\u00e2ncia em Sa\u00fade, Perciliana Bezerra.<\/p>\n\n\n\n<p><strong>Vistorias<\/strong><\/p>\n\n\n\n<p>Na tarde desta quinta-feira, t\u00e9cnicos da Vigil\u00e2ncia Sanit\u00e1ria Estadual estiveram nos laborat\u00f3rios que prestam servi\u00e7os \u00e0 SES-TO, em Aragua\u00edna. \u201cA pedido do secret\u00e1rio Afonso, nossas equipes far\u00e3o relat\u00f3rios destas visitas que embasar\u00e3o a Gest\u00e3o Estadual, em decis\u00f5es pontuais para garantir qualidade nos servi\u00e7os prestados\u201d, disse a diretora da Vigil\u00e2ncia Sanit\u00e1ria Estadual, Amanda Feitosa.<\/p>\n","protected":false},"excerpt":{"rendered":"<p>As \u00e1reas t\u00e9cnicas da Secretaria de Estado da Sa\u00fade (SES-TO) reuniram-se nesta quinta-feira, 12, para alinhamento de a\u00e7\u00f5es resolutivas para os servi\u00e7os laboratoriais ofertados aos usu\u00e1rios do Sistema \u00danico de Sa\u00fade (SUS), no Estado do Tocantins. A medida \u00e9 necess\u00e1ria ap\u00f3s a rescis\u00e3o contratual entre o Governo do Tocantins e o Sicar Laborat\u00f3rios Eirele. Na [&hellip;]<\/p>\n","protected":false},"author":2,"featured_media":11235,"comment_status":"open","ping_status":"open","sticky":false,"template":"","format":"standard","meta":[],"categories":[3],"tags":[13],"_links":{"self":[{"href":"https:\/\/dgospel.com.br\/portal\/index.php\/wp-json\/wp\/v2\/posts\/11234"}],"collection":[{"href":"https:\/\/dgospel.com.br\/portal\/index.php\/wp-json\/wp\/v2\/posts"}],"about":[{"href":"https:\/\/dgospel.com.br\/portal\/index.php\/wp-json\/wp\/v2\/types\/post"}],"author":[{"embeddable":true,"href":"https:\/\/dgospel.com.br\/portal\/index.php\/wp-json\/wp\/v2\/users\/2"}],"replies":[{"embeddable":true,"href":"https:\/\/dgospel.com.br\/portal\/index.php\/wp-json\/wp\/v2\/comments?post=11234"}],"version-history":[{"count":1,"href":"https:\/\/dgospel.com.br\/portal\/index.php\/wp-json\/wp\/v2\/posts\/11234\/revisions"}],"predecessor-version":[{"id":11236,"href":"https:\/\/dgospel.com.br\/portal\/index.php\/wp-json\/wp\/v2\/posts\/11234\/revisions\/11236"}],"wp:featuredmedia":[{"embeddable":true,"href":"https:\/\/dgospel.com.br\/portal\/index.php\/wp-json\/wp\/v2\/media\/11235"}],"wp:attachment":[{"href":"https:\/\/dgospel.com.br\/portal\/index.php\/wp-json\/wp\/v2\/media?parent=11234"}],"wp:term":[{"taxonomy":"category","embeddable":true,"href":"https:\/\/dgospel.com.br\/portal\/index.php\/wp-json\/wp\/v2\/categories?post=11234"},{"taxonomy":"post_tag","embeddable":true,"href":"https:\/\/dgospel.com.br\/portal\/index.php\/wp-json\/wp\/v2\/tags?post=11234"}],"curies":[{"name":"wp","href":"https:\/\/api.w.org\/{rel}","templated":true}]}}