{"id":11237,"date":"2022-05-13T16:18:05","date_gmt":"2022-05-13T19:18:05","guid":{"rendered":"http:\/\/dgospel.com.br\/portal\/?p=11237"},"modified":"2022-05-13T16:18:06","modified_gmt":"2022-05-13T19:18:06","slug":"reuniao-do-conselho-estadual-de-desenvolvimento-economico-do-tocantins-e-realizada-na-agrotins-2022","status":"publish","type":"post","link":"https:\/\/dgospel.com.br\/portal\/index.php\/2022\/05\/13\/reuniao-do-conselho-estadual-de-desenvolvimento-economico-do-tocantins-e-realizada-na-agrotins-2022\/","title":{"rendered":"Reuni\u00e3o do Conselho Estadual de Desenvolvimento Econ\u00f4mico do Tocantins \u00e9 realizada na Agrotins 2022"},"content":{"rendered":"\n<p>O Conselho Estadual de Desenvolvimento Econ\u00f4mico do Tocantins (CDE-TO) realizou, nessa quinta-feira, 12, sua 108\u00aa reuni\u00e3o ordin\u00e1ria na Feira de Tecnologia Agropecu\u00e1ria do Tocantins (Agrotins 2022). A reuni\u00e3o ocorreu no gabinete da Secretaria de Estado da Ind\u00fastria, Com\u00e9rcio e Servi\u00e7os (Sics), instalado no Pavilh\u00e3o do Desenvolvimento &#8211; A casa do empres\u00e1rio na Agrotins.<\/p>\n\n\n\n<p>O conselheiro representante da Secretaria de Estado da Agricultura, Pecu\u00e1ria e Aquicultura (Seagro), o secret\u00e1rio Jaime Caf\u00e9, falou sobre a realiza\u00e7\u00e3o da reuni\u00e3o do conselho na Agrotins 2022. &#8220;Trazer o conselho pra dentro da feira mostra a import\u00e2ncia do setor produtivo. Agradecemos a valoriza\u00e7\u00e3o dada a esse evento que \u00e9 o maior encontro de empresas e produtores da nossa regi\u00e3o. Com a Agrotins, mostramos a for\u00e7a do agroneg\u00f3cio no nosso Estado. Estamos positivos sobre os resultados que ser\u00e3o gerados a partir desse evento e tamb\u00e9m sobre novos projetos que vir\u00e3o para o setor&#8221;, afirmou o gestor da Seagro, Jaime Caf\u00e9.<\/p>\n\n\n\n<p>Na ocasi\u00e3o, foi realizada a apresenta\u00e7\u00e3o da Infraestrutura Energ\u00e9tica do Estado, pela Energisa Tocantins, e assinado Termo de Coopera\u00e7\u00e3o entre a Sics e a distribuidora de energia. Participaram da a\u00e7\u00e3o o diretor de Rela\u00e7\u00f5es Institucionais da Energisa, Alan Kardec; o diretor T\u00e9cnico e Comercial, Guilherme Damiance; a gerente de Planejamento, Graziela Matos; o coordenador de Relacionamento com o Poder P\u00fablico e Grandes Clientes, Roger Pereira; e o gerente de Servi\u00e7os Comerciais, Mauro In\u00e1cio.<\/p>\n\n\n\n<p>Para o diretor Guilherme Damiance, a assinatura do Termo representa o avan\u00e7o para o Estado e o desenvolvimento em longo prazo. &#8220;Esse termo \u00e9 importante para o Estado, porque a gente dentro da Energisa planeja um desenvolvimento e crescimento da expans\u00e3o da nossa rede para um horizonte de 10 anos. A partir do momento que a gente tem um conv\u00eanio como esse, estruturado em uma parceria com a secretaria que nos informa sobre a proje\u00e7\u00e3o de novos clientes que demandam energia, a gente consegue ser mais assertivos para que a energia seja um vetor de desenvolvimento&#8221;, afirmou Guilherme Damiance.<\/p>\n\n\n\n<p>No decorrer da delibera\u00e7\u00e3o, o conselho aprovou tr\u00eas solicita\u00e7\u00f5es de concess\u00e3o de incentivos fiscais, para empresas tocantinenses e aporte de recursos do Fundo Estadual de Desenvolvimento Econ\u00f4mico (FDE-TO), direcionado para projetos de fomento do Tocantins.<\/p>\n\n\n\n<p>Durante a reuni\u00e3o, foram aprovados benef\u00edcios para empresas de diferentes munic\u00edpios do Estado. Na modalidade implanta\u00e7\u00e3o, tiveram a concess\u00e3o aprovada as empresas Temper Aragua\u00edna Ind\u00fastria de Vidros LTDA, de Aragua\u00edna; e a empresa Alvorada Sementes LTDA, do munic\u00edpio de Lagoa da Confus\u00e3o. Na modalidade expans\u00e3o, obteve a aprova\u00e7\u00e3o do incentivo a empresa Milaneis &amp; Milaneis LTDA, da cidade de Gurupi.<\/p>\n\n\n\n<p>Tamb\u00e9m foi deliberado e aprovado pelo conselho o aporte de recursos de R$ 3 milh\u00f5es, do FDE-TO, para o projeto da Ag\u00eancia de Fomento do Estado do Tocantins (Fomento)&nbsp;<em>Cr\u00e9dito Acess\u00edvel<\/em>, que visa \u00e0 expans\u00e3o de cr\u00e9dito do recurso pr\u00f3prio no Estado do Tocantins, com equaliza\u00e7\u00e3o de taxa de juros. Na mesma delibera\u00e7\u00e3o, a Secretaria de Estado da Ind\u00fastria, Com\u00e9rcio e Servi\u00e7os apresentou o projeto&nbsp;<em>Pavilh\u00e3o do Desenvolvimento Regional nas Feiras de Neg\u00f3cios do Tocantins<\/em>, que teve o recurso de R$ 680 mil para incentivar a realiza\u00e7\u00e3o de novos neg\u00f3cios nas oito regi\u00f5es econ\u00f4micas do Estado.<\/p>\n\n\n\n<p>Para o gestor da Sics, Carlos Humberto Lima, a realiza\u00e7\u00e3o da reuni\u00e3o do conselho na Agrotins 2022 \u00e9 uma representa\u00e7\u00e3o da aproxima\u00e7\u00e3o do Estado com a classe empreendedora e da a\u00e7\u00e3o conjunta para garantir o crescimento desses empres\u00e1rios e do Tocantins. &#8220;A Agrotins vai se tornando maior a cada ano e temos a certeza de que esse evento \u00e9 um grande impulsionador dos indicativos socioecon\u00f4micos do nosso Estado. Estar aqui hoje com o conselho \u00e9 mais uma afirma\u00e7\u00e3o da dedica\u00e7\u00e3o desse grupo em trabalhar para avaliar as melhores estrat\u00e9gias para alcan\u00e7ar maior avan\u00e7o no setor empresarial e, por consequ\u00eancia, aumentar nossa oferta de empregos e gera\u00e7\u00e3o de renda para a popula\u00e7\u00e3o&#8221;, destacou o secret\u00e1rio.<\/p>\n\n\n\n<p>&#8220;O CDE-TO tem a obriga\u00e7\u00e3o de fomentar o desenvolvimento. Ao ver essa variedade de empresas querendo se instalar e permanecer aqui a gente v\u00ea que esse \u00e9 um dos caminhos que deve ser preservado e estimulado para o fortalecimento do Estado&#8221;, completou o conselheiro suplente da Secretaria de Estado do Planejamento e Or\u00e7amento (Seplan), Maur\u00edcio Fregonesi.<\/p>\n\n\n\n<figure class=\"wp-block-image\"><img src=\"https:\/\/central.to.gov.br\/image\/291708?w=670&amp;h=383\" alt=\"\"\/><\/figure>\n\n\n\n<p>Sics apresentou projeto de fomento regional &#8211; Matheus Alc\u00e2ntara\/Governo do Tocantins\u00a0<\/p>\n\n\n\n<figure class=\"wp-block-image\"><img src=\"https:\/\/central.to.gov.br\/image\/291710?w=670&amp;h=383\" alt=\"\"\/><\/figure>\n\n\n\n<p>Fomento apresentou projeto ao Conselho Estadual de Desenvolvimento Econ\u00f4mico do Tocantins &#8211; Matheus Alc\u00e2ntara\/Governo do Tocantins\u00a0<\/p>\n\n\n\n<figure class=\"wp-block-image\"><img src=\"https:\/\/central.to.gov.br\/image\/291711?w=670&amp;h=383\" alt=\"\"\/><\/figure>\n\n\n\n<p>Energisa apresentou Infraestrutura Energ\u00e9tica do Estado &#8211; Matheus Alc\u00e2ntara\/Governo do Tocantins\n\n<\/p>\n","protected":false},"excerpt":{"rendered":"<p>O Conselho Estadual de Desenvolvimento Econ\u00f4mico do Tocantins (CDE-TO) realizou, nessa quinta-feira, 12, sua 108\u00aa reuni\u00e3o ordin\u00e1ria na Feira de Tecnologia Agropecu\u00e1ria do Tocantins (Agrotins 2022). A reuni\u00e3o ocorreu no gabinete da Secretaria de Estado da Ind\u00fastria, Com\u00e9rcio e Servi\u00e7os (Sics), instalado no Pavilh\u00e3o do Desenvolvimento &#8211; A casa do empres\u00e1rio na Agrotins. O conselheiro [&hellip;]<\/p>\n","protected":false},"author":2,"featured_media":11238,"comment_status":"open","ping_status":"open","sticky":false,"template":"","format":"standard","meta":[],"categories":[3],"tags":[13],"_links":{"self":[{"href":"https:\/\/dgospel.com.br\/portal\/index.php\/wp-json\/wp\/v2\/posts\/11237"}],"collection":[{"href":"https:\/\/dgospel.com.br\/portal\/index.php\/wp-json\/wp\/v2\/posts"}],"about":[{"href":"https:\/\/dgospel.com.br\/portal\/index.php\/wp-json\/wp\/v2\/types\/post"}],"author":[{"embeddable":true,"href":"https:\/\/dgospel.com.br\/portal\/index.php\/wp-json\/wp\/v2\/users\/2"}],"replies":[{"embeddable":true,"href":"https:\/\/dgospel.com.br\/portal\/index.php\/wp-json\/wp\/v2\/comments?post=11237"}],"version-history":[{"count":1,"href":"https:\/\/dgospel.com.br\/portal\/index.php\/wp-json\/wp\/v2\/posts\/11237\/revisions"}],"predecessor-version":[{"id":11239,"href":"https:\/\/dgospel.com.br\/portal\/index.php\/wp-json\/wp\/v2\/posts\/11237\/revisions\/11239"}],"wp:featuredmedia":[{"embeddable":true,"href":"https:\/\/dgospel.com.br\/portal\/index.php\/wp-json\/wp\/v2\/media\/11238"}],"wp:attachment":[{"href":"https:\/\/dgospel.com.br\/portal\/index.php\/wp-json\/wp\/v2\/media?parent=11237"}],"wp:term":[{"taxonomy":"category","embeddable":true,"href":"https:\/\/dgospel.com.br\/portal\/index.php\/wp-json\/wp\/v2\/categories?post=11237"},{"taxonomy":"post_tag","embeddable":true,"href":"https:\/\/dgospel.com.br\/portal\/index.php\/wp-json\/wp\/v2\/tags?post=11237"}],"curies":[{"name":"wp","href":"https:\/\/api.w.org\/{rel}","templated":true}]}}