{"id":11240,"date":"2022-05-13T16:20:41","date_gmt":"2022-05-13T19:20:41","guid":{"rendered":"http:\/\/dgospel.com.br\/portal\/?p=11240"},"modified":"2022-05-13T16:20:42","modified_gmt":"2022-05-13T19:20:42","slug":"agrotins-2022-recebe-caravanas-de-diversas-cidades-do-interior-do-tocantins","status":"publish","type":"post","link":"https:\/\/dgospel.com.br\/portal\/index.php\/2022\/05\/13\/agrotins-2022-recebe-caravanas-de-diversas-cidades-do-interior-do-tocantins\/","title":{"rendered":"Agrotins 2022 recebe caravanas de diversas cidades do interior do Tocantins"},"content":{"rendered":"\n<p>O Governo do Tocantins, por meio de uma equipe de t\u00e9cnicos da Secretaria de Estado da Agricultura, Pecu\u00e1ria e Aquicultura (Seagro) e do Instituto de Desenvolvimento Rural do Tocantins (Ruraltins), realiza a organiza\u00e7\u00e3o das caravanas durante a 22\u00aa edi\u00e7\u00e3o da Feira de Tecnologia Agropecu\u00e1ria do Tocantins (Agrotins 2022). As caravanas de agricultores s\u00e3o compostas por membros de associa\u00e7\u00f5es, cooperativas e comunidades agr\u00edcolas.<\/p>\n\n\n\n<p>A feira teve in\u00edcio na ter\u00e7a-feira, 10, e encerra neste s\u00e1bado, 14, no Parque Agrotecnol\u00f3gico do Tocantins, na rodovia TO-050, em Palmas, sa\u00edda para Porto Nacional.<\/p>\n\n\n\n<p>O objetivo das caravanas \u00e9 trazer os produtores para a Agrotins, a fim de que eles tenham a oportunidade de participar das oficinas tecnol\u00f3gicas, das palestras t\u00e9cnicas, dos dias de campo, das din\u00e2micas, dos minicursos e de outras atividades, de acordo com a \u00e1rea de interesse de cada produtor.<\/p>\n\n\n\n<p>O gerente de associativismo e cooperativismo da Seagro, respons\u00e1vel pela coordena\u00e7\u00e3o das caravanas, Vin\u00edcius Parente, contou sobre a movimenta\u00e7\u00e3o dos visitantes. \u201cNo primeiro dia da feira, recebemos oito caravanas com, aproximadamente, 300 pessoas. No segundo dia, foram 21 caravanas, com 738 pessoas; e no terceiro dia, tivemos 23 caravanas com mais de 800 pessoas\u201d, explicou.<\/p>\n\n\n\n<p>De acordo com o gerente, a expectativa \u00e9 de que as caravanas tragam um total de 4 mil produtores, de mais de 100 munic\u00edpios do Estado, para participarem dos cinco dias da Agrotins. \u201cN\u00f3s somos respons\u00e1veis pela hospedagem e pela alimenta\u00e7\u00e3o dos agricultores que visitam a feira. Al\u00e9m disso, n\u00f3s contamos com uma equipe do Ruraltins, que \u00e9 respons\u00e1vel pela organiza\u00e7\u00e3o dos expositores da agricultura familiar, que vem do interior do Estado para exposi\u00e7\u00e3o e comercializa\u00e7\u00e3o de seus produtos\u201d, finalizou.<\/p>\n\n\n\n<p><strong>Agrotins<\/strong><\/p>\n\n\n\n<p>A 22\u00aa edi\u00e7\u00e3o da Agrotins 2022, com o tema&nbsp;<em>Integrar: Intensificar e Preservar,<\/em>&nbsp;tem como objetivos apresentar novidades para o desenvolvimento da produ\u00e7\u00e3o, apoiar e incentivar a continuar produzindo uma agricultura sustent\u00e1vel.<\/p>\n\n\n\n<p>A feira \u00e9 uma realiza\u00e7\u00e3o do Governo do Tocantins, por meio da Seagro, da Ag\u00eancia de Defesa Agropecu\u00e1ria (Adapec), do Ruraltins, da Funda\u00e7\u00e3o de Amparo \u00e0 Pesquisa (Fapt) e da Tocantins Parcerias, em conjunto com empresas, institui\u00e7\u00f5es e \u00f3rg\u00e3os p\u00fablicos, de pesquisas e educacionais, entre outras.<\/p>\n","protected":false},"excerpt":{"rendered":"<p>O Governo do Tocantins, por meio de uma equipe de t\u00e9cnicos da Secretaria de Estado da Agricultura, Pecu\u00e1ria e Aquicultura (Seagro) e do Instituto de Desenvolvimento Rural do Tocantins (Ruraltins), realiza a organiza\u00e7\u00e3o das caravanas durante a 22\u00aa edi\u00e7\u00e3o da Feira de Tecnologia Agropecu\u00e1ria do Tocantins (Agrotins 2022). As caravanas de agricultores s\u00e3o compostas por [&hellip;]<\/p>\n","protected":false},"author":2,"featured_media":11241,"comment_status":"open","ping_status":"open","sticky":false,"template":"","format":"standard","meta":[],"categories":[3],"tags":[13],"_links":{"self":[{"href":"https:\/\/dgospel.com.br\/portal\/index.php\/wp-json\/wp\/v2\/posts\/11240"}],"collection":[{"href":"https:\/\/dgospel.com.br\/portal\/index.php\/wp-json\/wp\/v2\/posts"}],"about":[{"href":"https:\/\/dgospel.com.br\/portal\/index.php\/wp-json\/wp\/v2\/types\/post"}],"author":[{"embeddable":true,"href":"https:\/\/dgospel.com.br\/portal\/index.php\/wp-json\/wp\/v2\/users\/2"}],"replies":[{"embeddable":true,"href":"https:\/\/dgospel.com.br\/portal\/index.php\/wp-json\/wp\/v2\/comments?post=11240"}],"version-history":[{"count":1,"href":"https:\/\/dgospel.com.br\/portal\/index.php\/wp-json\/wp\/v2\/posts\/11240\/revisions"}],"predecessor-version":[{"id":11242,"href":"https:\/\/dgospel.com.br\/portal\/index.php\/wp-json\/wp\/v2\/posts\/11240\/revisions\/11242"}],"wp:featuredmedia":[{"embeddable":true,"href":"https:\/\/dgospel.com.br\/portal\/index.php\/wp-json\/wp\/v2\/media\/11241"}],"wp:attachment":[{"href":"https:\/\/dgospel.com.br\/portal\/index.php\/wp-json\/wp\/v2\/media?parent=11240"}],"wp:term":[{"taxonomy":"category","embeddable":true,"href":"https:\/\/dgospel.com.br\/portal\/index.php\/wp-json\/wp\/v2\/categories?post=11240"},{"taxonomy":"post_tag","embeddable":true,"href":"https:\/\/dgospel.com.br\/portal\/index.php\/wp-json\/wp\/v2\/tags?post=11240"}],"curies":[{"name":"wp","href":"https:\/\/api.w.org\/{rel}","templated":true}]}}