{"id":11244,"date":"2022-05-16T23:37:30","date_gmt":"2022-05-17T02:37:30","guid":{"rendered":"http:\/\/dgospel.com.br\/portal\/?p=11244"},"modified":"2022-05-16T23:37:31","modified_gmt":"2022-05-17T02:37:31","slug":"pt-aposta-em-rock-in-rio-como-comicio-informal-para-lula","status":"publish","type":"post","link":"https:\/\/dgospel.com.br\/portal\/index.php\/2022\/05\/16\/pt-aposta-em-rock-in-rio-como-comicio-informal-para-lula\/","title":{"rendered":"PT aposta em Rock in Rio como \u201ccom\u00edcio informal\u201d para Lula"},"content":{"rendered":"\n<p>A equipe de comunica\u00e7\u00e3o do ex-presidente Luiz In\u00e1cio Lula da Silva (PT) espera que os pr\u00f3ximos shows e festivais, principalmente o Rock in Rio, sirvam como com\u00edcios informais para impulsionar a candidatura de Lula para a Presid\u00eancia.<\/p>\n\n\n\n<p>De acordo com o colunista Guilherme Amado, do portal\u00a0<em>Metr\u00f3poles<\/em>, a coordena\u00e7\u00e3o da campanha entende que o petista depender\u00e1 muito do engajamento de artistas e de influenciadores digitais para contra-atacar a for\u00e7a do presidente Jair Bolsonaro (PL) nas redes sociais.<\/p>\n\n\n\n<p>A equipe tem como base a edi\u00e7\u00e3o deste ano do Lollapalooza, realizada em mar\u00e7o, que foi marcada por manifesta\u00e7\u00f5es a favor de Lula.<\/p>\n\n\n\n<p>\u00c0 \u00e9poca, o Partido Liberal, do presidente Bolsonaro, acionou o Tribunal Superior Eleitoral (TSE) por suposta propaganda eleitoral antecipada. Como resultado, o ministro Raul Ara\u00fajo vetou as manifesta\u00e7\u00f5es pol\u00edticas no festival e instituiu multa de R$ 50.000,00 por ato de descumprimento. A decis\u00e3o gerou rea\u00e7\u00e3o por parte de artistas.<\/p>\n\n\n\n<p>O CEO do festival, Luis Justo, j\u00e1 se adiantou e afirmou que atos de cunho pol\u00edtico n\u00e3o ser\u00e3o proibidos no Rock in Rio, pois o Brasil \u00e9 uma democracia. Ele destacou, por\u00e9m, que o evento manter\u00e1 neutralidade. O festival ocorrer\u00e1 em setembro, um m\u00eas antes das elei\u00e7\u00f5es.<\/p>\n\n\n\n<p>Tamb\u00e9m h\u00e1 expectativas que outras apresenta\u00e7\u00f5es fora do festival de artistas populares no Brasil possam fazer declara\u00e7\u00f5es em apoio ao candidato pelo PT. O partido espera, por exemplo, que Zeca Pagodinho repita o gesto feito por Caetano Veloso no \u00faltimo dia 7, quando levantou uma bandeira com o rosto de Lula durante show em S\u00e3o Paulo.<\/p>\n\n\n\n<p>Outro exemplo foi da cantora Lu\u00edsa Sonza que, em um show tamb\u00e9m no dia 7,&nbsp;<a href=\"https:\/\/pleno.news\/entretenimento\/musica\/luisa-sonza-exibe-bandeira-de-lula-durante-show-na-paraiba.html\" target=\"_blank\" rel=\"noreferrer noopener\">desfilou no palco enrolada com uma toalha estampada com a figura do petista<\/a>.<\/p>\n","protected":false},"excerpt":{"rendered":"<p>A equipe de comunica\u00e7\u00e3o do ex-presidente Luiz In\u00e1cio Lula da Silva (PT) espera que os pr\u00f3ximos shows e festivais, principalmente o Rock in Rio, sirvam como com\u00edcios informais para impulsionar a candidatura de Lula para a Presid\u00eancia. De acordo com o colunista Guilherme Amado, do portal\u00a0Metr\u00f3poles, a coordena\u00e7\u00e3o da campanha entende que o petista depender\u00e1 [&hellip;]<\/p>\n","protected":false},"author":2,"featured_media":11245,"comment_status":"open","ping_status":"open","sticky":false,"template":"","format":"standard","meta":[],"categories":[4],"tags":[14],"_links":{"self":[{"href":"https:\/\/dgospel.com.br\/portal\/index.php\/wp-json\/wp\/v2\/posts\/11244"}],"collection":[{"href":"https:\/\/dgospel.com.br\/portal\/index.php\/wp-json\/wp\/v2\/posts"}],"about":[{"href":"https:\/\/dgospel.com.br\/portal\/index.php\/wp-json\/wp\/v2\/types\/post"}],"author":[{"embeddable":true,"href":"https:\/\/dgospel.com.br\/portal\/index.php\/wp-json\/wp\/v2\/users\/2"}],"replies":[{"embeddable":true,"href":"https:\/\/dgospel.com.br\/portal\/index.php\/wp-json\/wp\/v2\/comments?post=11244"}],"version-history":[{"count":1,"href":"https:\/\/dgospel.com.br\/portal\/index.php\/wp-json\/wp\/v2\/posts\/11244\/revisions"}],"predecessor-version":[{"id":11246,"href":"https:\/\/dgospel.com.br\/portal\/index.php\/wp-json\/wp\/v2\/posts\/11244\/revisions\/11246"}],"wp:featuredmedia":[{"embeddable":true,"href":"https:\/\/dgospel.com.br\/portal\/index.php\/wp-json\/wp\/v2\/media\/11245"}],"wp:attachment":[{"href":"https:\/\/dgospel.com.br\/portal\/index.php\/wp-json\/wp\/v2\/media?parent=11244"}],"wp:term":[{"taxonomy":"category","embeddable":true,"href":"https:\/\/dgospel.com.br\/portal\/index.php\/wp-json\/wp\/v2\/categories?post=11244"},{"taxonomy":"post_tag","embeddable":true,"href":"https:\/\/dgospel.com.br\/portal\/index.php\/wp-json\/wp\/v2\/tags?post=11244"}],"curies":[{"name":"wp","href":"https:\/\/api.w.org\/{rel}","templated":true}]}}