{"id":11251,"date":"2022-05-16T23:50:31","date_gmt":"2022-05-17T02:50:31","guid":{"rendered":"http:\/\/dgospel.com.br\/portal\/?p=11251"},"modified":"2022-05-16T23:50:32","modified_gmt":"2022-05-17T02:50:32","slug":"governo-do-tocantins-lanca-oficialmente-programa-foco-no-fogo-2022-como-estrategia-para-combater-queimadas","status":"publish","type":"post","link":"https:\/\/dgospel.com.br\/portal\/index.php\/2022\/05\/16\/governo-do-tocantins-lanca-oficialmente-programa-foco-no-fogo-2022-como-estrategia-para-combater-queimadas\/","title":{"rendered":"Governo do Tocantins lan\u00e7a oficialmente programa Foco no Fogo 2022 como estrat\u00e9gia para combater queimadas"},"content":{"rendered":"\n<p>O governador do Estado do Tocantins, Wanderlei Barbosa, juntamente com equipe da Secretaria de Estado do Meio Ambiente e Recursos H\u00eddricos (Semarh), lan\u00e7ou, oficialmente, o programa&nbsp;<em>Foco no Fogo 2022<\/em>.&nbsp;O programa conta com 32 institui\u00e7\u00f5es que comp\u00f5em o Comit\u00ea Estadual de Preven\u00e7\u00e3o e Controle \u00e0s Queimadas e Combate aos Inc\u00eandios Florestais (Comit\u00ea do Fogo), visando prevenir queimadas e orientar a popula\u00e7\u00e3o sobre educa\u00e7\u00e3o ambiental.<\/p>\n\n\n\n<p>O governador parabenizou todas as frentes que atuam no combate \u00e0s queimadas e refor\u00e7ou a import\u00e2ncia e a aten\u00e7\u00e3o desse trabalho. \u201cUma das atitudes mais corretas \u00e9 o combate ao inc\u00eandio, n\u00f3s temos que ter todo o cuidado nesse combate. Temos \u00e1reas preservadas, s\u00e3o lugares que, todo ano, sofrem queimadas e isso nos entristece. Em 2022, queremos uma for\u00e7a-tarefa e pedimos aten\u00e7\u00e3o para combater as queimadas no Estado. Vamos iniciar este programa imediatamente, pois assim podemos mudar essa triste realidade\u201d, afirma Wanderlei Barbosa.<\/p>\n\n\n\n<p><strong>Foco no fogo<\/strong><\/p>\n\n\n\n<p>Definido anteriormente como&nbsp;<em>Dia D de Combate \u00e0s Queimadas<\/em>&nbsp;em 2021, o programa \u00e9 renomeado Foco no Fogo e, desde 2020, trabalha por meio de campanhas publicit\u00e1rias,&nbsp;<em>spot<\/em>&nbsp;em r\u00e1dios, a\u00e7\u00f5es educativas de preven\u00e7\u00e3o a inc\u00eandios florestais, atividades voltadas a orientar, sensibilizar e conscientizar a popula\u00e7\u00e3o sobre preven\u00e7\u00e3o, controle e combate \u00e0s queimadas. Durante a execu\u00e7\u00e3o, v\u00e1rias \u00e1reas privadas s\u00e3o visitadas pelas equipes do programa.<\/p>\n\n\n\n<p>\u201cTemos v\u00e1rios parceiros da iniciativa privada e tamb\u00e9m das esferas municipal, estadual e federal, vamos fazer um bom ano de projeto e nossas frentes estar\u00e3o preparadas. Este ano \u00e9 bem prop\u00edcio para a queimada, trabalharemos arduamente para combat\u00ea-las e nosso servi\u00e7o de educa\u00e7\u00e3o ambiental vai ajudar muito o pequeno produtor. Vamos \u00e0s comunidades e iremos alert\u00e1-los\u201d, afirma a secret\u00e1ria da Semarh, Miyuki Hyashida.<\/p>\n\n\n\n<p>Assim como nos anos anteriores, nesta edi\u00e7\u00e3o, ser\u00e3o realizadas palestras, a\u00e7\u00f5es ambientais, coleta de dados e atividades sociais com os munic\u00edpios. As a\u00e7\u00f5es t\u00eam como foco agropecuaristas, produtores rurais, empres\u00e1rios, mun\u00edcipes e demais entes envolvidos com inc\u00eandios rurais no Tocantins.<\/p>\n\n\n\n<p><strong>Queimadas no Estado<\/strong><\/p>\n\n\n\n<p>O Tocantins apresentou baixa no n\u00famero de queimadas no ano passado. Segundo dados do Minist\u00e9rio P\u00fablico Estadual (MPE), o Estado teve uma redu\u00e7\u00e3o superior a 30% de queimadas em \u00e1reas de propriedade rural durante o per\u00edodo de estiagem em 2021, em compara\u00e7\u00e3o com o mesmo per\u00edodo de 2020.<\/p>\n\n\n\n<p>Os dados coletados s\u00e3o referentes ao per\u00edodo mais quente e seco no Tocantins, entre os meses de julho e outubro, e apontaram que em 2020, foram queimados 2.442.408 hectares, enquanto em 2021 foram registrados 1.651.177.<\/p>\n\n\n\n<p>Os n\u00fameros s\u00e3o resultados de a\u00e7\u00f5es preventivas do Estado e tamb\u00e9m das atividades do programa que, este ano, espera reduzir ainda mais os n\u00fameros. Para isso, o n\u00famero de cidades envolvidas nas opera\u00e7\u00f5es do&nbsp;<em>Foco no Fogo<\/em>&nbsp;ser\u00e1 ampliado. Antes, 33 cidades passavam pelas visitas das equipes; agora, 60 munic\u00edpios est\u00e3o inclusos no plano de trabalho do programa. Outra novidade est\u00e1 nas novas institui\u00e7\u00f5es parceiras, como o Departamento Estadual de Tr\u00e2nsito (Detran\/TO), a Pol\u00edcia Rodovi\u00e1ria Federal (PRF) e a Ag\u00eancia Tocantinense de Transportes e Obras do Tocantins (Ageto).<\/p>\n\n\n\n<p>\u201cOs n\u00fameros do ano passado foram surpreendentes. Antes, o Tocantins sempre estava nas primeiras posi\u00e7\u00f5es dos estados que mais registravam queimadas; atualmente, estamos na 8\u00aa posi\u00e7\u00e3o, isso \u00e9 resultado de um forte trabalho de educa\u00e7\u00e3o ambiental. Vamos exatamente onde tem o foco de inc\u00eandio e, este ano, a pedido do Governador, ampliaremos a quantidade de cidades no programa, e, com os novos parceiros, faremos campanhas e blitz educativas nas rodovias para prevenir ainda mais as queimadas\u201d, refor\u00e7a a secret\u00e1ria executiva da Semarh, Karynne Sotero.<\/p>\n\n\n\n<p><strong>Termo de Coopera\u00e7\u00e3o T\u00e9cnica<\/strong><\/p>\n\n\n\n<p>Durante o lan\u00e7amento, o Chefe do Executivo Estadual assinou o Termo de Coopera\u00e7\u00e3o T\u00e9cnica n\u00b0 03\/2022, para conjuga\u00e7\u00e3o m\u00fatua de esfor\u00e7os na execu\u00e7\u00e3o do projeto&nbsp;<em>Foco no Fogo 2022<\/em>, que garante as diretrizes e as atribui\u00e7\u00f5es das institui\u00e7\u00f5es parceiras no programa. O termo foi assinado em conjunto com a Semarh, o Instituto Natureza do Tocantins (Naturatins), o Corpo de Bombeiros Militar (CBMTO), o Batalh\u00e3o de Pol\u00edcia Militar Ambiental (BPMA), a Ag\u00eancia de Defesa Agropecu\u00e1ria (Adapec), a Energisa Tocantins e a Secretaria de Estado da Agricultura, Pecu\u00e1ria e Aquicultura (Seagro).<\/p>\n\n\n\n<p>Com o refor\u00e7o superior de 30 ve\u00edculos terrestres, das institui\u00e7\u00f5es parceiras, e um helic\u00f3ptero, ap\u00f3s o lan\u00e7amento do programa, as equipes j\u00e1 foram a campo e v\u00e3o percorrer propriedades localizadas na zona rural de Palmas.<\/p>\n\n\n\n<p>\u201cEstamos saindo mais cedo a campo, buscando mais parceiros e envolvendo setores p\u00fablicos e privados para que possamos combater o fogo. O nosso objetivo \u00e9 defender a natureza, o nosso territ\u00f3rio, o setor produtivo e a sociedade como um todo\u201d, refor\u00e7a o governador Wanderlei Barbosa.<\/p>\n\n\n\n<p>Participaram do lan\u00e7amento do programa, secret\u00e1rios de Estado; deputados estaduais e federais; presidente do Naturatins, Renato Jayme; comandante-geral do Corpo de Bombeiro, coronel Carlos Eduardo Farias; comandante-geral da Pol\u00edcia Militar e da Pol\u00edcia Militar Ambiental, coronel Silva Neto e tenente-coronel Alex Simas Queiroz, respectivamente; desembargadores de justi\u00e7a; coordenador do Caop de Urbanismo, Habita\u00e7\u00e3o e Meio Ambiente (Caoma), procurador de Justi\u00e7a, Jos\u00e9 Maria da Silva J\u00fanior; e o diretor de Rela\u00e7\u00f5es Institucionais da Energisa, Alankardek Ferreira Moreira.<\/p>\n\n\n\n<figure class=\"wp-block-image\"><img src=\"https:\/\/central.to.gov.br\/image\/292009?w=670&amp;h=383\" alt=\"\"\/><\/figure>\n\n\n\n<p>Programa visa prevenir queimadas e orientar a popula\u00e7\u00e3o sobre educa\u00e7\u00e3o ambiental &#8211; Luciano Ribeiro\/Governo do Tocantins\u00a0<\/p>\n\n\n\n<figure class=\"wp-block-image\"><img src=\"https:\/\/central.to.gov.br\/image\/292008?w=670&amp;h=383\" alt=\"\"\/><\/figure>\n\n\n\n<p>Com mais de 30 ve\u00edculos terrestres, das institui\u00e7\u00f5es parceiras, e um helic\u00f3ptero, ap\u00f3s o lan\u00e7amento do programa as equipes j\u00e1 foram a campo &#8211; In\u00e1cio Neto\/Governo do Tocantins\u00a0<\/p>\n\n\n\n<figure class=\"wp-block-image\"><img src=\"https:\/\/central.to.gov.br\/image\/292007?w=670&amp;h=383\" alt=\"\"\/><\/figure>\n\n\n\n<p>Participaram do lan\u00e7amento do programa, secret\u00e1rios de Estado; deputados estaduais e federais, presidentes de autarquias e \u00f3rg\u00e3os ligados ao setor de prote\u00e7\u00e3o ambiental &#8211; Luciano Ribeiro\/Governo do Tocantins\n\n<\/p>\n","protected":false},"excerpt":{"rendered":"<p>O governador do Estado do Tocantins, Wanderlei Barbosa, juntamente com equipe da Secretaria de Estado do Meio Ambiente e Recursos H\u00eddricos (Semarh), lan\u00e7ou, oficialmente, o programa&nbsp;Foco no Fogo 2022.&nbsp;O programa conta com 32 institui\u00e7\u00f5es que comp\u00f5em o Comit\u00ea Estadual de Preven\u00e7\u00e3o e Controle \u00e0s Queimadas e Combate aos Inc\u00eandios Florestais (Comit\u00ea do Fogo), visando prevenir [&hellip;]<\/p>\n","protected":false},"author":2,"featured_media":11252,"comment_status":"open","ping_status":"open","sticky":false,"template":"","format":"standard","meta":[],"categories":[3],"tags":[13],"_links":{"self":[{"href":"https:\/\/dgospel.com.br\/portal\/index.php\/wp-json\/wp\/v2\/posts\/11251"}],"collection":[{"href":"https:\/\/dgospel.com.br\/portal\/index.php\/wp-json\/wp\/v2\/posts"}],"about":[{"href":"https:\/\/dgospel.com.br\/portal\/index.php\/wp-json\/wp\/v2\/types\/post"}],"author":[{"embeddable":true,"href":"https:\/\/dgospel.com.br\/portal\/index.php\/wp-json\/wp\/v2\/users\/2"}],"replies":[{"embeddable":true,"href":"https:\/\/dgospel.com.br\/portal\/index.php\/wp-json\/wp\/v2\/comments?post=11251"}],"version-history":[{"count":1,"href":"https:\/\/dgospel.com.br\/portal\/index.php\/wp-json\/wp\/v2\/posts\/11251\/revisions"}],"predecessor-version":[{"id":11253,"href":"https:\/\/dgospel.com.br\/portal\/index.php\/wp-json\/wp\/v2\/posts\/11251\/revisions\/11253"}],"wp:featuredmedia":[{"embeddable":true,"href":"https:\/\/dgospel.com.br\/portal\/index.php\/wp-json\/wp\/v2\/media\/11252"}],"wp:attachment":[{"href":"https:\/\/dgospel.com.br\/portal\/index.php\/wp-json\/wp\/v2\/media?parent=11251"}],"wp:term":[{"taxonomy":"category","embeddable":true,"href":"https:\/\/dgospel.com.br\/portal\/index.php\/wp-json\/wp\/v2\/categories?post=11251"},{"taxonomy":"post_tag","embeddable":true,"href":"https:\/\/dgospel.com.br\/portal\/index.php\/wp-json\/wp\/v2\/tags?post=11251"}],"curies":[{"name":"wp","href":"https:\/\/api.w.org\/{rel}","templated":true}]}}