{"id":11254,"date":"2022-05-16T23:52:26","date_gmt":"2022-05-17T02:52:26","guid":{"rendered":"http:\/\/dgospel.com.br\/portal\/?p=11254"},"modified":"2022-05-16T23:52:27","modified_gmt":"2022-05-17T02:52:27","slug":"taxa-de-desemprego-no-tocantins-no-primeiro-trimestre-e-o-menor-dos-ultimos-quatro-anos-segundo-o-ibge","status":"publish","type":"post","link":"https:\/\/dgospel.com.br\/portal\/index.php\/2022\/05\/16\/taxa-de-desemprego-no-tocantins-no-primeiro-trimestre-e-o-menor-dos-ultimos-quatro-anos-segundo-o-ibge\/","title":{"rendered":"Taxa de desemprego no Tocantins no primeiro trimestre \u00e9 o menor dos \u00faltimos quatro anos, segundo o IBGE"},"content":{"rendered":"\n<p>O Estado do Tocantins registrou uma queda de 9,4% na taxa de desemprego no primeiro trimestre de 2022, segundo os dados da Pesquisa Nacional por Amostra de Domic\u00edlio (Pnad), realizada pelo Instituto Brasileiro de Geografia e Estat\u00edstica (IBGE), divulgada na \u00faltima sexta-feira, 13. O \u00edndice \u00e9 o menor registrado pela Pesquisa no per\u00edodo, nos \u00faltimos quatro anos.<\/p>\n\n\n\n<p>Para o governador Wanderlei Barbosa, os \u00faltimos dados tanto da Pnad quanto do Cadastro Geral de Empregados e Desempregados (Caged) revelam uma franca recupera\u00e7\u00e3o da economia do Tocantins. \u201cApesar dos impactos provocados pela pandemia durantes os \u00faltimos anos temos realizado in\u00fameros esfor\u00e7os que fortalecem nossa economia e contribuem para gera\u00e7\u00e3o de emprego. O cen\u00e1rio \u00e9 promissor e esperamos que a rea\u00e7\u00e3o se traduza em melhoria de vida para nossa popula\u00e7\u00e3o\u201d, afirmou.<\/p>\n\n\n\n<p>Ao comparar os dados do primeiro trimestre de 2022 com o quarto trimestre de 2021, percebe-se que a popula\u00e7\u00e3o ocupada aumentou de 693 mil para 700 mil trabalhadores. S\u00e3o 7 mil trabalhadores a mais de um trimestre para outro.&nbsp; J\u00e1 a popula\u00e7\u00e3o desocupada diminuiu de 74 mil pessoas para 71 mil pessoas, uma redu\u00e7\u00e3o de 4,23% de um trimestre para o outro.<\/p>\n\n\n\n<p>O secret\u00e1rio do Trabalho e Desenvolvimento Social (Setas), Jos\u00e9 Messias Ara\u00fajo comemorou os dados apresentados. \u201cTivemos dados muito promissores no primeiro trimestre desse ano, esse fato pode ser atestado tanto na compara\u00e7\u00e3o com o trimestre anterior quanto equiparando com o primeiro trimestre de anos anteriores\u201d, observou.<\/p>\n\n\n\n<p>A popula\u00e7\u00e3o ocupada no Tocantins, segundo a Pnad, aumentou de 629 mil no primeiro trimestre de 2021 para 700 mil no primeiro trimestre de 2022. S\u00e3o 71 mil pessoas a mais trabalhando, o que representa um aumento de 10,14% na taxa de ocupa\u00e7\u00e3o.<\/p>\n\n\n\n<p><strong>Caracter\u00edsticas da Popula\u00e7\u00e3o Ocupada no Tocantins<\/strong><\/p>\n\n\n\n<p>Os trabalhadores por conta pr\u00f3pria representam 22%, da popula\u00e7\u00e3o ocupada no Estado, o que corresponde a 178 mil pessoas. Os empregados no setor p\u00fablico constituem 20%, o que corresponde a 162 mil trabalhadores. Os profissionais no setor privado com carteira assinada representam 34%, ou seja, 277 mil pessoas; e sem carteira assinada totalizam 14%, ou seja, 111 mil indiv\u00edduos. J\u00e1 os Empregadores s\u00e3o 3%, o que corresponde a 25 mil pessoas; e o Trabalhador Familiar constitui 6%, ou seja, 49 mil pessoas.<\/p>\n\n\n\n<p>A gerente do Observat\u00f3rio do Trabalho no Tocantins, Wilany Bezerra, pontua que o setor de ocupa\u00e7\u00e3o que mais cresceu entre o quarto trimestre de 2021 e o primeiro trimestre de 2022 foi o setor privado com crescimento de 38,99%. J\u00e1 o que teve redu\u00e7\u00e3o foi os Trabalhadores por Conta Pr\u00f3pria com redu\u00e7\u00e3o de 5.06%. \u201cMuitos fatores podem levar a esse desempenho, mas o crescimento dos empregos formais \u00e9 muito importante para o desenvolvimento social do Estado\u201d, pontuou.<\/p>\n","protected":false},"excerpt":{"rendered":"<p>O Estado do Tocantins registrou uma queda de 9,4% na taxa de desemprego no primeiro trimestre de 2022, segundo os dados da Pesquisa Nacional por Amostra de Domic\u00edlio (Pnad), realizada pelo Instituto Brasileiro de Geografia e Estat\u00edstica (IBGE), divulgada na \u00faltima sexta-feira, 13. O \u00edndice \u00e9 o menor registrado pela Pesquisa no per\u00edodo, nos \u00faltimos [&hellip;]<\/p>\n","protected":false},"author":2,"featured_media":11255,"comment_status":"open","ping_status":"open","sticky":false,"template":"","format":"standard","meta":[],"categories":[3],"tags":[13],"_links":{"self":[{"href":"https:\/\/dgospel.com.br\/portal\/index.php\/wp-json\/wp\/v2\/posts\/11254"}],"collection":[{"href":"https:\/\/dgospel.com.br\/portal\/index.php\/wp-json\/wp\/v2\/posts"}],"about":[{"href":"https:\/\/dgospel.com.br\/portal\/index.php\/wp-json\/wp\/v2\/types\/post"}],"author":[{"embeddable":true,"href":"https:\/\/dgospel.com.br\/portal\/index.php\/wp-json\/wp\/v2\/users\/2"}],"replies":[{"embeddable":true,"href":"https:\/\/dgospel.com.br\/portal\/index.php\/wp-json\/wp\/v2\/comments?post=11254"}],"version-history":[{"count":1,"href":"https:\/\/dgospel.com.br\/portal\/index.php\/wp-json\/wp\/v2\/posts\/11254\/revisions"}],"predecessor-version":[{"id":11256,"href":"https:\/\/dgospel.com.br\/portal\/index.php\/wp-json\/wp\/v2\/posts\/11254\/revisions\/11256"}],"wp:featuredmedia":[{"embeddable":true,"href":"https:\/\/dgospel.com.br\/portal\/index.php\/wp-json\/wp\/v2\/media\/11255"}],"wp:attachment":[{"href":"https:\/\/dgospel.com.br\/portal\/index.php\/wp-json\/wp\/v2\/media?parent=11254"}],"wp:term":[{"taxonomy":"category","embeddable":true,"href":"https:\/\/dgospel.com.br\/portal\/index.php\/wp-json\/wp\/v2\/categories?post=11254"},{"taxonomy":"post_tag","embeddable":true,"href":"https:\/\/dgospel.com.br\/portal\/index.php\/wp-json\/wp\/v2\/tags?post=11254"}],"curies":[{"name":"wp","href":"https:\/\/api.w.org\/{rel}","templated":true}]}}