{"id":11260,"date":"2022-05-17T00:11:10","date_gmt":"2022-05-17T03:11:10","guid":{"rendered":"http:\/\/dgospel.com.br\/portal\/?p=11260"},"modified":"2022-05-17T00:11:11","modified_gmt":"2022-05-17T03:11:11","slug":"homossexuais-acusam-igreja-de-homofobia-por-nao-permitir-batismo-nas-aguas","status":"publish","type":"post","link":"https:\/\/dgospel.com.br\/portal\/index.php\/2022\/05\/17\/homossexuais-acusam-igreja-de-homofobia-por-nao-permitir-batismo-nas-aguas\/","title":{"rendered":"Homossexuais acusam igreja de homofobia por n\u00e3o permitir batismo nas \u00e1guas"},"content":{"rendered":"\n<p>&nbsp;Dois homossexuais est\u00e3o acusando uma igreja evang\u00e9lica de\nhomofobia por conta da decis\u00e3o de n\u00e3o batizar um deles nas \u00e1guas durante um\nculto no \u00faltimo domingo, 15 de maio.<\/p>\n\n\n\n<p>A igreja evang\u00e9lica\n\u2013 que n\u00e3o foi identificada \u2013 realizou uma cerim\u00f4nia de batismo nas \u00e1guas e um\nfrequentador homossexual que havia frequentado o curso de prepara\u00e7\u00e3o foi\nexclu\u00eddo da lista de pessoas que foram batizadas.<\/p>\n\n\n\n<p>O fot\u00f3grafo Jo\u00e3o\nPedro Poderoso vive com o cabeleireiro Jadson Santana, que j\u00e1 era frequentador\nda congrega\u00e7\u00e3o e afirmou ser dizimista. Eles acionaram a Pol\u00edcia Militar para\nacusar a igreja de homofobia depois que o nome de Jo\u00e3o n\u00e3o foi chamado para ir\nao tanque batismal.<\/p>\n\n\n\n<p>\u201cEu cheguei \u00e0s 9h,\ncomo foi solicitado, pois todos aqueles que iriam participar precisavam chegar\nantes do culto. Na parte do batismo, chamaram os nomes por ordem alfab\u00e9tica e\nleram testemunhos de cada pessoa. Fiquei na expectativa de que o meu tamb\u00e9m\nseria chamado, mas n\u00e3o foi isso que aconteceu. Uma mo\u00e7a subiu no altar, trocou\nas folhas com a filha do pastor e falou no ouvido dela\u201d, relatou o rapaz.<\/p>\n\n\n\n<p>Jo\u00e3o Pedro afirmou\nem entrevista \u00e0&nbsp;<em>TV Atalaia<\/em>, que os pastores da igreja no bairro\nIn\u00e1cio Barbosa, em Aracaju (SE), sabiam que ele vive com Jadson em um\nrelacionamento homossexual, e que isso nunca foi empecilho para que ele\nparticipasse das atividades da igreja, que se mant\u00e9m&nbsp;<a href=\"https:\/\/noticias.gospelmais.com.br\/stf-criminalizacao-homofobia-senado-liberdade-pregacao-114638.html\"><strong>fiel \u00e0 doutrina\nb\u00edblica<\/strong><\/a>, presente no Antigo e no Novo Testamento, de reprova\u00e7\u00e3o\nda pr\u00e1tica homossexual.<\/p>\n\n\n\n<p>Ele acusa os\nl\u00edderes da igreja e um pastor auxiliar de trata-lo de maneira deselegante, j\u00e1\nque um l\u00edder teria conduzido ele para uma sala segurando-o pelo pesco\u00e7o e,\nposteriormente, o trancado no local.<\/p>\n\n\n\n<p>\u201cUm rapaz me chamou\ne segurou no meu pesco\u00e7o, conduzindo at\u00e9 o local onde estava um pastor\nauxiliar. Os dois disseram que eu n\u00e3o poderia me batizar, porqu\u00ea sou\nhomossexual e casado com outro homem. A minha sa\u00edda foi muito constrangedora e\neu fiquei sem ch\u00e3o\u201d, queixou-se.<\/p>\n\n\n\n<p>Jadson contou que\nacionou a Pol\u00edcia Militar por considerar que a conversa com Jo\u00e3o na sala era\numa forma de viol\u00eancia: \u201cEu tentei entrar na sala e a porta de vidro\ntransparente estava fechada. Bati incessantemente, pois dava pra ver que eles\nestava fazendo um tipo de agress\u00e3o psicol\u00f3gica\u201d, disse o cabeleireiro.<\/p>\n\n\n\n<p>De acordo com a\nreportagem da&nbsp;<a href=\"https:\/\/www.youtube.com\/watch?v=XI-iRP4hd0g\" target=\"_blank\" rel=\"noreferrer noopener\"><em>TV Atalaia<\/em><\/a>, a assessoria de imprensa da Pol\u00edcia Militar\ninformou que os policiais que atenderam a ocorr\u00eancia orientaram os dois\nhomossexuais e procurarem uma delegacia especializada para prestar queixa.<\/p>\n\n\n\n<p>J\u00e1 os advogados da igreja disseram que o pastor n\u00e3o iria se manifestar e que uma nota oficial seria emitida explicando o posicionamento da igreja. A acusa\u00e7\u00e3o de homofobia por n\u00e3o ter batizado o frequentador homossexual ser\u00e1 investigada pelo Departamento de Atendimento a Grupos Vulner\u00e1veis (DAGV).<\/p>\n\n\n\n<figure class=\"wp-block-embed-youtube wp-block-embed is-type-video is-provider-youtube wp-embed-aspect-16-9 wp-has-aspect-ratio\"><div class=\"wp-block-embed__wrapper\">\n<iframe loading=\"lazy\" title=\"Homem relata ter sido v\u00edtima de homofobia em igreja evang\u00e9lica da capital - Balan\u00e7o Geral Manh\u00e3\" width=\"630\" height=\"354\" src=\"https:\/\/www.youtube.com\/embed\/XI-iRP4hd0g?start=69&#038;feature=oembed\" frameborder=\"0\" allow=\"accelerometer; autoplay; clipboard-write; encrypted-media; gyroscope; picture-in-picture\" allowfullscreen><\/iframe>\n<\/div><\/figure>\n","protected":false},"excerpt":{"rendered":"<p>&nbsp;Dois homossexuais est\u00e3o acusando uma igreja evang\u00e9lica de homofobia por conta da decis\u00e3o de n\u00e3o batizar um deles nas \u00e1guas durante um culto no \u00faltimo domingo, 15 de maio. A igreja evang\u00e9lica \u2013 que n\u00e3o foi identificada \u2013 realizou uma cerim\u00f4nia de batismo nas \u00e1guas e um frequentador homossexual que havia frequentado o curso de [&hellip;]<\/p>\n","protected":false},"author":2,"featured_media":11261,"comment_status":"open","ping_status":"open","sticky":false,"template":"","format":"standard","meta":[],"categories":[5],"tags":[],"_links":{"self":[{"href":"https:\/\/dgospel.com.br\/portal\/index.php\/wp-json\/wp\/v2\/posts\/11260"}],"collection":[{"href":"https:\/\/dgospel.com.br\/portal\/index.php\/wp-json\/wp\/v2\/posts"}],"about":[{"href":"https:\/\/dgospel.com.br\/portal\/index.php\/wp-json\/wp\/v2\/types\/post"}],"author":[{"embeddable":true,"href":"https:\/\/dgospel.com.br\/portal\/index.php\/wp-json\/wp\/v2\/users\/2"}],"replies":[{"embeddable":true,"href":"https:\/\/dgospel.com.br\/portal\/index.php\/wp-json\/wp\/v2\/comments?post=11260"}],"version-history":[{"count":1,"href":"https:\/\/dgospel.com.br\/portal\/index.php\/wp-json\/wp\/v2\/posts\/11260\/revisions"}],"predecessor-version":[{"id":11262,"href":"https:\/\/dgospel.com.br\/portal\/index.php\/wp-json\/wp\/v2\/posts\/11260\/revisions\/11262"}],"wp:featuredmedia":[{"embeddable":true,"href":"https:\/\/dgospel.com.br\/portal\/index.php\/wp-json\/wp\/v2\/media\/11261"}],"wp:attachment":[{"href":"https:\/\/dgospel.com.br\/portal\/index.php\/wp-json\/wp\/v2\/media?parent=11260"}],"wp:term":[{"taxonomy":"category","embeddable":true,"href":"https:\/\/dgospel.com.br\/portal\/index.php\/wp-json\/wp\/v2\/categories?post=11260"},{"taxonomy":"post_tag","embeddable":true,"href":"https:\/\/dgospel.com.br\/portal\/index.php\/wp-json\/wp\/v2\/tags?post=11260"}],"curies":[{"name":"wp","href":"https:\/\/api.w.org\/{rel}","templated":true}]}}