{"id":11263,"date":"2022-05-17T00:21:09","date_gmt":"2022-05-17T03:21:09","guid":{"rendered":"http:\/\/dgospel.com.br\/portal\/?p=11263"},"modified":"2022-05-17T00:21:10","modified_gmt":"2022-05-17T03:21:10","slug":"me-perdoe-pelas-vezes-que-escandalizei-o-evangelho-diz-isadora-pompe","status":"publish","type":"post","link":"https:\/\/dgospel.com.br\/portal\/index.php\/2022\/05\/17\/me-perdoe-pelas-vezes-que-escandalizei-o-evangelho-diz-isadora-pompe\/","title":{"rendered":"\u2018Me perdoe pelas vezes que escandalizei o Evangelho\u2019, diz Isadora Pompe"},"content":{"rendered":"\n<p>Isadora Pompeo\npublicou uma carta aberta em sua conta no Instagram com um pedido de perd\u00e3o \u00e0\nIgreja por conta de epis\u00f3dios passados em que esteve envolvida em pol\u00eamicas, e\nafirmou: \u2018Me perdoe pelas vezes que eu escandalizei o Evangelho\u2019.<\/p>\n\n\n\n<p>Uma das vezes em\nque esteve em evid\u00eancia e foi amplamente criticada nas redes sociais foi quando\nseu casamento com o jogador Thiago Maia chegou ao fim. \u00c0 \u00e9poca, afirmou que n\u00e3o\nsuportou o&nbsp;<a href=\"https:\/\/noticias.gospelmais.com.br\/isadora-pompeo-divorcio-thiago-maia-ciumes-147007.html\"><strong>ci\u00fames do ex-marido<\/strong><\/a>&nbsp;e\no que classificou como \u201ctentativa de controle\u201d.<\/p>\n\n\n\n<p>A jovem cantora\ngospel publicou um v\u00eddeo de um momento durante um culto em que foi convidada\npara ministrar e afirmou que reconhece que errou e que busca corrigir suas\natitudes:<\/p>\n\n\n\n<p>\u201cPara todas as\nigrejas que eu fui, e aqui n\u00e3o vai ser diferente: eu quero pedir perd\u00e3o para\nvoc\u00ea, com todo meu cora\u00e7\u00e3o. Que voc\u00ea me perdoe pelas vezes que eu escandalizei\no Evangelho. Que voc\u00ea me perdoe pelas vezes que eu agi errado, que eu agi pelo\nmeu ser\u201d, disse.<\/p>\n\n\n\n<p>\u201cEntenda que eu sou\num ser humano como qualquer outro, a diferen\u00e7a \u00e9 que eu vivo pela gra\u00e7a, que \u00e9\ntransbordante, e essa gra\u00e7a tem me erguido todos os dias\u201d, acrescentou a\ncantora.<\/p>\n\n\n\n<p>Em seguida, Isadora\nPompeo dirigiu-se ao pastor da igreja \u2013 que n\u00e3o \u00e9 identificado \u2013 e afirmou que\nsente necessidade de demonstrar arrependimento e receber perd\u00e3o:<\/p>\n\n\n\n<p>\u201cPastor, muito\nobrigada por esse momento. Para mim \u00e9 importante estar aqui. Essa \u00e9 a segunda\nigreja que eu ministro esse ano, e para mim isso tem um valor espiritual muito\ngrande, porque eu n\u00e3o vim aqui porque eu preciso disso, eu n\u00e3o preciso da\noferta que o senhor vai me dar, eu n\u00e3o preciso do aplauso que voc\u00eas v\u00e3o me dar,\neu s\u00f3 preciso desse perd\u00e3o, ent\u00e3o me perdoem em nome de Jesus\u201d.<\/p>\n\n\n\n<p>\u201cQue a gente cres\u00e7a\ncomo um corpo, \u00e9 o que eu mais quero: que a gente cres\u00e7a como um corpo, e que\nem nome de Jesus a minha vida sirva como um testemunho de que no lugar da\nvergonha, Deus tem dupla honra para voc\u00ea. Muito obrigada pela oportunidade,\nDeus aben\u00e7oe\u201d, finalizou a cantora.<\/p>\n\n\n\n<p>Na legenda do\nv\u00eddeo, ela disse que \u201co Evangelho \u00e9 feito pra pessoas fracas que se tornam\nfortes por meio de suas feridas\u201d, e acrescentou: \u201cNunca quis minimizar Cristo,\npelo contr\u00e1rio, Jesus \u00e9 a minha vida e nada na minha vida faz sentido se n\u00e3o\npor Ele\u201d.<\/p>\n\n\n\n<p>\u201cEu estou vivendo a realidade do que \u00e9 ter um Pai celestial. Um pai que me ama. E que por me amar, me corrige. [\u2026] Que o poder do julgamento esteja nas m\u00e3os do Senhor e que o voltar atr\u00e1s n\u00e3o signifique regredir, mas assim como uma flecha precisa ser impulsionada para tr\u00e1s para que seja lan\u00e7ada em dire\u00e7\u00e3o ao alvo, assim sejamos n\u00f3s em Dire\u00e7\u00e3o a Cristo Jesus\u201d,\u00a0<a rel=\"noreferrer noopener\" href=\"https:\/\/www.instagram.com\/p\/CdngAyYgPFR\/\" target=\"_blank\">encerrou<\/a>\u00a0Isadora Pompeo.<\/p>\n\n\n\n<p><a href=\"https:\/\/www.instagram.com\/reel\/CdngAyYgPFR\/?utm_source=ig_embed&amp;ig_rid=33d50837-3aa8-4f00-8656-cf2caca7d3c4\">https:\/\/www.instagram.com\/reel\/CdngAyYgPFR\/?utm_source=ig_embed&amp;ig_rid=33d50837-3aa8-4f00-8656-cf2caca7d3c4<\/a><\/p>\n\n\n\n<p><a href=\"https:\/\/www.instagram.com\/reel\/CdngAyYgPFR\/?utm_source=ig_embed&amp;ig_rid=33d50837-3aa8-4f00-8656-cf2caca7d3c4\">h<\/a><\/p>\n\n\n\n<p><\/p>\n","protected":false},"excerpt":{"rendered":"<p>Isadora Pompeo publicou uma carta aberta em sua conta no Instagram com um pedido de perd\u00e3o \u00e0 Igreja por conta de epis\u00f3dios passados em que esteve envolvida em pol\u00eamicas, e afirmou: \u2018Me perdoe pelas vezes que eu escandalizei o Evangelho\u2019. Uma das vezes em que esteve em evid\u00eancia e foi amplamente criticada nas redes sociais [&hellip;]<\/p>\n","protected":false},"author":2,"featured_media":11264,"comment_status":"open","ping_status":"open","sticky":false,"template":"","format":"standard","meta":[],"categories":[17,5],"tags":[],"_links":{"self":[{"href":"https:\/\/dgospel.com.br\/portal\/index.php\/wp-json\/wp\/v2\/posts\/11263"}],"collection":[{"href":"https:\/\/dgospel.com.br\/portal\/index.php\/wp-json\/wp\/v2\/posts"}],"about":[{"href":"https:\/\/dgospel.com.br\/portal\/index.php\/wp-json\/wp\/v2\/types\/post"}],"author":[{"embeddable":true,"href":"https:\/\/dgospel.com.br\/portal\/index.php\/wp-json\/wp\/v2\/users\/2"}],"replies":[{"embeddable":true,"href":"https:\/\/dgospel.com.br\/portal\/index.php\/wp-json\/wp\/v2\/comments?post=11263"}],"version-history":[{"count":1,"href":"https:\/\/dgospel.com.br\/portal\/index.php\/wp-json\/wp\/v2\/posts\/11263\/revisions"}],"predecessor-version":[{"id":11265,"href":"https:\/\/dgospel.com.br\/portal\/index.php\/wp-json\/wp\/v2\/posts\/11263\/revisions\/11265"}],"wp:featuredmedia":[{"embeddable":true,"href":"https:\/\/dgospel.com.br\/portal\/index.php\/wp-json\/wp\/v2\/media\/11264"}],"wp:attachment":[{"href":"https:\/\/dgospel.com.br\/portal\/index.php\/wp-json\/wp\/v2\/media?parent=11263"}],"wp:term":[{"taxonomy":"category","embeddable":true,"href":"https:\/\/dgospel.com.br\/portal\/index.php\/wp-json\/wp\/v2\/categories?post=11263"},{"taxonomy":"post_tag","embeddable":true,"href":"https:\/\/dgospel.com.br\/portal\/index.php\/wp-json\/wp\/v2\/tags?post=11263"}],"curies":[{"name":"wp","href":"https:\/\/api.w.org\/{rel}","templated":true}]}}