{"id":11266,"date":"2022-05-17T17:46:36","date_gmt":"2022-05-17T20:46:36","guid":{"rendered":"http:\/\/dgospel.com.br\/portal\/?p=11266"},"modified":"2022-05-26T15:08:38","modified_gmt":"2022-05-26T18:08:38","slug":"seciju-empossa-novos-membros-do-conselho-estadual-dos-direitos-da-pessoa-com-deficiencia","status":"publish","type":"post","link":"https:\/\/dgospel.com.br\/portal\/index.php\/2022\/05\/17\/seciju-empossa-novos-membros-do-conselho-estadual-dos-direitos-da-pessoa-com-deficiencia\/","title":{"rendered":"Rubens Uch\u00f4a solicita implanta\u00e7\u00e3o de placas de sinaliza\u00e7\u00e3o na quadra 407 Sul, em Palmas"},"content":{"rendered":"\n<p>O vice-presidente da C\u00e2mara Municipal de Palmas,\nvereador Rubens Uch\u00f4a (Uni\u00e3o Brasil), apresentou durante a Sess\u00e3o Ordin\u00e1ria, na\nmanh\u00e3 de hoje, 17, diversos requerimentos.<\/p>\n\n\n\n<p>Em um deles, Rubens Uch\u00f4a requer da prefeitura a\nimplanta\u00e7\u00e3o de placas de sinaliza\u00e7\u00e3o na alameda 03 com a 04, na quadra 407 Sul,\nem Palmas.<\/p>\n\n\n\n<p>\u201dA medida trar\u00e1 melhorias no tr\u00e2nsito\ndo local, em especial a diminui\u00e7\u00e3o dos acidentes, que, segundo os moradores,\nt\u00eam sido frequentes, pois o tr\u00e1fego \u00e9 intenso naquela via\u201d, afirmou o\nparlamentar.<\/p>\n\n\n\n<p><strong>Outros requerimentos<\/strong><\/p>\n\n\n\n<ul><li>Retirada de galhada na Alameda 10, na quadra\n     505 Sul;<\/li><li>Tapa-buraco na Alameda 10, na quadra 505 Sul;<\/li><li>Ro\u00e7agem na Alameda 07, na quadra 407 Sul;<\/li><li>Melhorias na ilumina\u00e7\u00e3o em frente a pra\u00e7a da\n     405 Sul.<\/li><\/ul>\n","protected":false},"excerpt":{"rendered":"<p>O vice-presidente da C\u00e2mara Municipal de Palmas, vereador Rubens Uch\u00f4a (Uni\u00e3o Brasil), apresentou durante a Sess\u00e3o Ordin\u00e1ria, na manh\u00e3 de hoje, 17, diversos requerimentos. Em um deles, Rubens Uch\u00f4a requer da prefeitura a implanta\u00e7\u00e3o de placas de sinaliza\u00e7\u00e3o na alameda 03 com a 04, na quadra 407 Sul, em Palmas. \u201dA medida trar\u00e1 melhorias no [&hellip;]<\/p>\n","protected":false},"author":2,"featured_media":11324,"comment_status":"open","ping_status":"open","sticky":false,"template":"","format":"standard","meta":[],"categories":[8],"tags":[13],"_links":{"self":[{"href":"https:\/\/dgospel.com.br\/portal\/index.php\/wp-json\/wp\/v2\/posts\/11266"}],"collection":[{"href":"https:\/\/dgospel.com.br\/portal\/index.php\/wp-json\/wp\/v2\/posts"}],"about":[{"href":"https:\/\/dgospel.com.br\/portal\/index.php\/wp-json\/wp\/v2\/types\/post"}],"author":[{"embeddable":true,"href":"https:\/\/dgospel.com.br\/portal\/index.php\/wp-json\/wp\/v2\/users\/2"}],"replies":[{"embeddable":true,"href":"https:\/\/dgospel.com.br\/portal\/index.php\/wp-json\/wp\/v2\/comments?post=11266"}],"version-history":[{"count":2,"href":"https:\/\/dgospel.com.br\/portal\/index.php\/wp-json\/wp\/v2\/posts\/11266\/revisions"}],"predecessor-version":[{"id":11325,"href":"https:\/\/dgospel.com.br\/portal\/index.php\/wp-json\/wp\/v2\/posts\/11266\/revisions\/11325"}],"wp:featuredmedia":[{"embeddable":true,"href":"https:\/\/dgospel.com.br\/portal\/index.php\/wp-json\/wp\/v2\/media\/11324"}],"wp:attachment":[{"href":"https:\/\/dgospel.com.br\/portal\/index.php\/wp-json\/wp\/v2\/media?parent=11266"}],"wp:term":[{"taxonomy":"category","embeddable":true,"href":"https:\/\/dgospel.com.br\/portal\/index.php\/wp-json\/wp\/v2\/categories?post=11266"},{"taxonomy":"post_tag","embeddable":true,"href":"https:\/\/dgospel.com.br\/portal\/index.php\/wp-json\/wp\/v2\/tags?post=11266"}],"curies":[{"name":"wp","href":"https:\/\/api.w.org\/{rel}","templated":true}]}}