{"id":11269,"date":"2022-05-17T17:48:46","date_gmt":"2022-05-17T20:48:46","guid":{"rendered":"http:\/\/dgospel.com.br\/portal\/?p=11269"},"modified":"2022-05-17T17:48:47","modified_gmt":"2022-05-17T20:48:47","slug":"secretarios-da-saude-reunem-equipes-tecnicas-para-avaliacao-do-projeto-de-porta-de-entrada-do-hospital-geral-de-palmas","status":"publish","type":"post","link":"https:\/\/dgospel.com.br\/portal\/index.php\/2022\/05\/17\/secretarios-da-saude-reunem-equipes-tecnicas-para-avaliacao-do-projeto-de-porta-de-entrada-do-hospital-geral-de-palmas\/","title":{"rendered":"Secret\u00e1rios da sa\u00fade re\u00fanem equipes t\u00e9cnicas para avalia\u00e7\u00e3o do Projeto de Porta de Entrada do Hospital Geral de Palmas"},"content":{"rendered":"\n<p>O secret\u00e1rio de Estado da Sa\u00fade (SES), Afonso Piva, segue o cronograma de acompanhamento e avalia\u00e7\u00e3o do Projeto-piloto de Regula\u00e7\u00e3o da Porta de Entrada da Urg\u00eancia e Emerg\u00eancia Adulta, do Hospital Geral de Palmas (HGP). Na segunda-feira, 16, foi realizada uma reuni\u00e3o entre o gestor estadual e o secret\u00e1rio municipal de Sa\u00fade de Palmas, Daniel Borini, e equipes t\u00e9cnicas do HGP e das duas pastas.<\/p>\n\n\n\n<p>A reuni\u00e3o soma-se \u00e0s a\u00e7\u00f5es coordenadas pela Superintend\u00eancia de Pol\u00edticas de Aten\u00e7\u00e3o \u00e0 Sa\u00fade (SPAS) e pela Superintend\u00eancia de Unidades Pr\u00f3prias (SUHP), que buscam avaliar o projeto pela percep\u00e7\u00e3o das gest\u00f5es municipais, no colegiado gestor, com a participa\u00e7\u00e3o do Conselho de Secret\u00e1rios Municipais de Sa\u00fade (Cosems\/TO), bem como com o grupo t\u00e9cnico da SES.<\/p>\n\n\n\n<p>Para a diretora de M\u00e9dia e Alta Complexidade da Semus de Palmas, Ludmila Nunes, \u201ca reuni\u00e3o foi bastante produtiva, sendo feito alinhamento entre o munic\u00edpio de Palmas e o Estado, onde apresentamos panorama desses primeiros 20 dias de Regula\u00e7\u00e3o da porta e realizamos alguns encaminhamentos para melhoria do projeto, como a revis\u00e3o do fluxo de encaminhamento de casos, eixo vermelho [emerg\u00eancia] com as equipes de assist\u00eancia municipal\u201d, afirmou.<\/p>\n\n\n\n<p>\u201cA experi\u00eancia de Palmas ir\u00e1 subsidiar as demais unidades do Estado, o projeto realizado no HGP ser\u00e1 expandido para outros hospitais. Com uma regula\u00e7\u00e3o bem-feita, garantimos uma assist\u00eancia de qualidade aos pacientes, em tempo h\u00e1bil e oportuno, de acordo com sua necessidade. A Sa\u00fade \u00e9 feita em conjunto, temos uma rede de assist\u00eancia que precisa conversar\u201d, informou o secret\u00e1rio Afonso Piva.&nbsp;<\/p>\n\n\n\n<p><strong>Projeto<\/strong><\/p>\n\n\n\n<p>O HGP \u00e9 porta de entrada para urg\u00eancia e emerg\u00eancia. O Projeto-piloto tem como objetivo regular as unidades de sa\u00fade dos munic\u00edpios de Palmas, Aparecida do Rio Negro, Lagoa do Tocantins, Lizarda, Novo Acordo, Santa Tereza do Tocantins e S\u00e3o Felix do Tocantins, que tem o HGP como a sua primeira refer\u00eancia em sa\u00fade. Al\u00e9m disso, beneficia as unidades hospitalares de Miracema do Tocantins (Hospital Regional de Miracema), Para\u00edso do Tocantins (Hospital Regional de Para\u00edso) e Porto Nacional (Hospital Regional de Porto Nacional e Hospital e Maternidade Tia Ded\u00e9).<\/p>\n\n\n\n<figure class=\"wp-block-image\"><img src=\"https:\/\/central.to.gov.br\/image\/292180?w=670&amp;h=383\" alt=\"\"\/><\/figure>\n\n\n\n<p>O secret\u00e1rio de Estado da Sa\u00fade, Afonso Piva, afirma que o projeto realizado no HGP ser\u00e1 expandido para outros hospitais &#8211; Andr\u00e9 Ara\u00fajo\/Governo do Tocantins\n\n<\/p>\n","protected":false},"excerpt":{"rendered":"<p>O secret\u00e1rio de Estado da Sa\u00fade (SES), Afonso Piva, segue o cronograma de acompanhamento e avalia\u00e7\u00e3o do Projeto-piloto de Regula\u00e7\u00e3o da Porta de Entrada da Urg\u00eancia e Emerg\u00eancia Adulta, do Hospital Geral de Palmas (HGP). Na segunda-feira, 16, foi realizada uma reuni\u00e3o entre o gestor estadual e o secret\u00e1rio municipal de Sa\u00fade de Palmas, Daniel [&hellip;]<\/p>\n","protected":false},"author":2,"featured_media":11270,"comment_status":"open","ping_status":"open","sticky":false,"template":"","format":"standard","meta":[],"categories":[3],"tags":[13],"_links":{"self":[{"href":"https:\/\/dgospel.com.br\/portal\/index.php\/wp-json\/wp\/v2\/posts\/11269"}],"collection":[{"href":"https:\/\/dgospel.com.br\/portal\/index.php\/wp-json\/wp\/v2\/posts"}],"about":[{"href":"https:\/\/dgospel.com.br\/portal\/index.php\/wp-json\/wp\/v2\/types\/post"}],"author":[{"embeddable":true,"href":"https:\/\/dgospel.com.br\/portal\/index.php\/wp-json\/wp\/v2\/users\/2"}],"replies":[{"embeddable":true,"href":"https:\/\/dgospel.com.br\/portal\/index.php\/wp-json\/wp\/v2\/comments?post=11269"}],"version-history":[{"count":1,"href":"https:\/\/dgospel.com.br\/portal\/index.php\/wp-json\/wp\/v2\/posts\/11269\/revisions"}],"predecessor-version":[{"id":11271,"href":"https:\/\/dgospel.com.br\/portal\/index.php\/wp-json\/wp\/v2\/posts\/11269\/revisions\/11271"}],"wp:featuredmedia":[{"embeddable":true,"href":"https:\/\/dgospel.com.br\/portal\/index.php\/wp-json\/wp\/v2\/media\/11270"}],"wp:attachment":[{"href":"https:\/\/dgospel.com.br\/portal\/index.php\/wp-json\/wp\/v2\/media?parent=11269"}],"wp:term":[{"taxonomy":"category","embeddable":true,"href":"https:\/\/dgospel.com.br\/portal\/index.php\/wp-json\/wp\/v2\/categories?post=11269"},{"taxonomy":"post_tag","embeddable":true,"href":"https:\/\/dgospel.com.br\/portal\/index.php\/wp-json\/wp\/v2\/tags?post=11269"}],"curies":[{"name":"wp","href":"https:\/\/api.w.org\/{rel}","templated":true}]}}