{"id":11272,"date":"2022-05-18T11:48:29","date_gmt":"2022-05-18T14:48:29","guid":{"rendered":"http:\/\/dgospel.com.br\/portal\/?p=11272"},"modified":"2022-05-18T11:48:30","modified_gmt":"2022-05-18T14:48:30","slug":"governo-do-to-destina-mais-r-44-milhoes-para-municipios-beneficiados-com-o-programa-de-fortalecimento-da-economia-e-geracao-de-emprego","status":"publish","type":"post","link":"https:\/\/dgospel.com.br\/portal\/index.php\/2022\/05\/18\/governo-do-to-destina-mais-r-44-milhoes-para-municipios-beneficiados-com-o-programa-de-fortalecimento-da-economia-e-geracao-de-emprego\/","title":{"rendered":"Governo do TO destina mais R$ 44 milh\u00f5es para munic\u00edpios beneficiados com o Programa de Fortalecimento da Economia e Gera\u00e7\u00e3o de Emprego"},"content":{"rendered":"\n<p>Mais vinte e dois munic\u00edpios tocantinenses foram beneficiados pelo&nbsp;<em>Programa de Fortalecimento da Economia e Gera\u00e7\u00e3o de Emprego<\/em>&nbsp;do Governo do Tocantins. A assinatura dos conv\u00eanios com as prefeituras e libera\u00e7\u00e3o da primeira parcela foi realizada nesta ter\u00e7a-feira, 17, pelo governador Wanderlei Barbosa, em solenidade no audit\u00f3rio do Pal\u00e1cio Araguaia, com a presen\u00e7a dos gestores municipais das localidades beneficiadas. O conv\u00eanio prev\u00ea a destina\u00e7\u00e3o de R$ 2 milh\u00f5es para cada munic\u00edpio, o que equivale a R$ 44 milh\u00f5es em investimentos.&nbsp;<\/p>\n\n\n\n<p>Os recursos do Programa s\u00e3o liberados em tr\u00eas etapas, por meio da Secretaria de Estado da Educa\u00e7\u00e3o (Seduc) e da Ag\u00eancia Tocantinenses de Transportes e Obras (Ageto). Pela Seduc foram liberados recursos referentes a 18 conv\u00eanios. J\u00e1 pela Ageto, s\u00e3o seis conv\u00eanios, envolvendo cinco munic\u00edpios. A segunda e a terceira parcelas s\u00e3o liberadas posteriormente \u00e0 medida que as obras s\u00e3o realizadas pelas prefeituras.<\/p>\n\n\n\n<p>Foram beneficiados nesta etapa os munic\u00edpios Abreul\u00e2ndia, Alian\u00e7a do Tocantins, S\u00e3o Val\u00e9rio da Natividade, Sampaio, Cariri do Tocantins, Novo Acordo, Marian\u00f3polis do Tocantins, Barrol\u00e2ndia, Lagoa da Confus\u00e3o, Sucupira, Santa Tereza, Novo Alegre, Mateiros, Arraias, Campos Lindos, S\u00e3o Bento, Novo Jardim, Taboc\u00e3o, Miracema do Tocantins, Natividade, Ipueiras e Dois Irm\u00e3os do Tocantins.&nbsp;<\/p>\n\n\n\n<p>O governador Wanderlei Barbosa destacou a import\u00e2ncia do Programa principalmente para as localidades de menor porte, que v\u00e3o poder levar obras estruturantes, bem como de lazer e esporte para melhorar a qualidade de vida das comunidades. Tamb\u00e9m destacou que essas a\u00e7\u00f5es est\u00e3o sendo poss\u00edveis em virtude da responsabilidade da gest\u00e3o com os gastos p\u00fablicos, que hoje permite o equil\u00edbrio fiscal.<\/p>\n\n\n\n<p>\u201cHoje a nossa folha de pagamento \u00e9 menos de 40% da nossa receita. H\u00e1 mais de 20 anos isso n\u00e3o acontecia no nosso Estado\u201d, afirmou o Governador, explicando que todas as a\u00e7\u00f5es do seu governo s\u00e3o discutidas e planejadas e o bom desempenho da arrecada\u00e7\u00e3o \u00e9 fruto da austeridade, sem aumento de tributos.<\/p>\n\n\n\n<p>O governador Wanderlei Barbosa destacou ainda que a pol\u00edtica de austeridade e equil\u00edbrio fiscal permitiu aumentar os investimentos em todos os setores e que somente na \u00e1rea da educa\u00e7\u00e3o est\u00e3o licitadas 70 obras, que v\u00e3o mudar a realidade da estrutura f\u00edsica das unidades escolares nas cidades, comunidades quilombolas e aldeias ind\u00edgenas. Ressaltou tamb\u00e9m que todos os direitos dos servidores da educa\u00e7\u00e3o foram pagos e que o balan\u00e7o financeiro d\u00e1 conta de mais de R$ 600 milh\u00f5es para investimentos nas estradas, que est\u00e3o em p\u00e9ssimo estado de conserva\u00e7\u00e3o. \u201cCom simplicidade e coer\u00eancia estamos atendendo as demandas das comunidades no Estado\u201d, frisou.<\/p>\n\n\n\n<p>O secret\u00e1rio de Estado da Educa\u00e7\u00e3o, F\u00e1bio Vaz, ressaltou que por meio do&nbsp;<em>Programa de Fortalecimento da Economia e Gera\u00e7\u00e3o de Emprego<\/em>&nbsp;os prefeitos podem escolher o que \u00e9 mais importante para o seu munic\u00edpio. Das 41 cidades que j\u00e1 assinaram o conv\u00eanio, 24 j\u00e1 receberam a primeira parcela. \u201cO governador Wanderlei Barbosa tem um olhar especial pela educa\u00e7\u00e3o e j\u00e1 determinou a aquisi\u00e7\u00e3o de mais 10 mil computadores para a educa\u00e7\u00e3o\u201d, afirmou.<\/p>\n\n\n\n<p>O titular da pasta dos Esportes e Juventude, Fl\u00e1vio Cabanas, destacou a import\u00e2ncia dos recursos para o incentivo ao esporte em todo o Tocantins. \u201cAgora os prefeitos podem investir em quadras esportivas e pol\u00edticas de incentivo ao esporte para os nossos jovens e para os adultos\u201d, disse.&nbsp;<\/p>\n\n\n\n<p><strong>O programa<\/strong><\/p>\n\n\n\n<p>O&nbsp;<em>Programa de Fortalecimento da Economia e Gera\u00e7\u00e3o de Emprego<\/em>&nbsp;foi idealizado e implantado na atual gest\u00e3o com o principal prop\u00f3sito de fortalecer a economia, gerar empregos e renda para a popula\u00e7\u00e3o nos 139 munic\u00edpios. Por meio dessa iniciativa, o Governo do Tocantins est\u00e1 injetando R$ 278 milh\u00f5es nos 139 munic\u00edpios e a expectativa \u00e9 que os investimentos gerem algo em torno de 100 mil empregos.<\/p>\n\n\n\n<figure class=\"wp-block-image\"><img src=\"https:\/\/central.to.gov.br\/image\/292236?w=670&amp;h=383\" alt=\"\"\/><\/figure>\n\n\n\n<p>Wanderlei Barbosa afirmou que as a\u00e7\u00f5es est\u00e3o sendo poss\u00edvel em virtude da responsabilidade da gest\u00e3o com os gastos p\u00fablicos, que hoje permite o equil\u00edbrio fiscal &#8211; Esequias Ara\u00fajo\/Governo do Tocantins<\/p>\n\n\n\n<figure class=\"wp-block-image\"><img src=\"https:\/\/central.to.gov.br\/image\/292235?w=670&amp;h=383\" alt=\"\"\/><\/figure>\n\n\n\n<p>O Governador destacou a import\u00e2ncia do Programa para as localidades de menor porte que v\u00e3o poder levar obras estruturantes, bem como de lazer e esporte para melhorar a qualidade de vida das comunidades &#8211; Esequias Ara\u00fajo\/Governo do Tocantins\u00a0<\/p>\n\n\n\n<figure class=\"wp-block-image\"><img src=\"https:\/\/central.to.gov.br\/image\/292237?w=670&amp;h=383\" alt=\"\"\/><\/figure>\n\n\n\n<p>O Programa de Fortalecimento da Economia e Gera\u00e7\u00e3o de Emprego foi idealizado e implantado na atual gest\u00e3o com o principal prop\u00f3sito de fortalecer a economia, gerar empregos e renda para a popula\u00e7\u00e3o nos 139 munic\u00edpios &#8211; Esequias Ara\u00fajo\/Governo do Tocantins\n\n<\/p>\n","protected":false},"excerpt":{"rendered":"<p>Mais vinte e dois munic\u00edpios tocantinenses foram beneficiados pelo&nbsp;Programa de Fortalecimento da Economia e Gera\u00e7\u00e3o de Emprego&nbsp;do Governo do Tocantins. A assinatura dos conv\u00eanios com as prefeituras e libera\u00e7\u00e3o da primeira parcela foi realizada nesta ter\u00e7a-feira, 17, pelo governador Wanderlei Barbosa, em solenidade no audit\u00f3rio do Pal\u00e1cio Araguaia, com a presen\u00e7a dos gestores municipais das [&hellip;]<\/p>\n","protected":false},"author":2,"featured_media":11273,"comment_status":"open","ping_status":"open","sticky":false,"template":"","format":"standard","meta":[],"categories":[3],"tags":[13],"_links":{"self":[{"href":"https:\/\/dgospel.com.br\/portal\/index.php\/wp-json\/wp\/v2\/posts\/11272"}],"collection":[{"href":"https:\/\/dgospel.com.br\/portal\/index.php\/wp-json\/wp\/v2\/posts"}],"about":[{"href":"https:\/\/dgospel.com.br\/portal\/index.php\/wp-json\/wp\/v2\/types\/post"}],"author":[{"embeddable":true,"href":"https:\/\/dgospel.com.br\/portal\/index.php\/wp-json\/wp\/v2\/users\/2"}],"replies":[{"embeddable":true,"href":"https:\/\/dgospel.com.br\/portal\/index.php\/wp-json\/wp\/v2\/comments?post=11272"}],"version-history":[{"count":1,"href":"https:\/\/dgospel.com.br\/portal\/index.php\/wp-json\/wp\/v2\/posts\/11272\/revisions"}],"predecessor-version":[{"id":11274,"href":"https:\/\/dgospel.com.br\/portal\/index.php\/wp-json\/wp\/v2\/posts\/11272\/revisions\/11274"}],"wp:featuredmedia":[{"embeddable":true,"href":"https:\/\/dgospel.com.br\/portal\/index.php\/wp-json\/wp\/v2\/media\/11273"}],"wp:attachment":[{"href":"https:\/\/dgospel.com.br\/portal\/index.php\/wp-json\/wp\/v2\/media?parent=11272"}],"wp:term":[{"taxonomy":"category","embeddable":true,"href":"https:\/\/dgospel.com.br\/portal\/index.php\/wp-json\/wp\/v2\/categories?post=11272"},{"taxonomy":"post_tag","embeddable":true,"href":"https:\/\/dgospel.com.br\/portal\/index.php\/wp-json\/wp\/v2\/tags?post=11272"}],"curies":[{"name":"wp","href":"https:\/\/api.w.org\/{rel}","templated":true}]}}