{"id":11280,"date":"2022-05-23T20:43:01","date_gmt":"2022-05-23T23:43:01","guid":{"rendered":"http:\/\/dgospel.com.br\/portal\/?p=11280"},"modified":"2022-05-23T20:43:02","modified_gmt":"2022-05-23T23:43:02","slug":"governo-corta-em-10-o-imposto-de-importacao-de-alimentos","status":"publish","type":"post","link":"https:\/\/dgospel.com.br\/portal\/index.php\/2022\/05\/23\/governo-corta-em-10-o-imposto-de-importacao-de-alimentos\/","title":{"rendered":"Governo corta em 10% o imposto de importa\u00e7\u00e3o de alimentos"},"content":{"rendered":"\n<p> O Minist\u00e9rio da Economia anunciou, nesta segunda-feira (23), uma nova redu\u00e7\u00e3o de 10% de al\u00edquotas do Imposto de Importa\u00e7\u00e3o de bens comercializados, como antecipou o Estad\u00e3o. Segundo a Pasta, a medida reduz os tributos de bens como feij\u00e3o, carne, massas, biscoitos, arroz, materiais de constru\u00e7\u00e3o e tem validade at\u00e9 31 de dezembro de 2023. <\/p>\n\n\n\n<p> \u201cA medida abrange 6.195 c\u00f3digos da Nomenclatura Comum do Mercosul para reduzir impactos decorrentes da pandemia e do conflito na Ucr\u00e2nia sobre o custo de vida da popula\u00e7\u00e3o e pre\u00e7os de insumos do setor produtivo\u201d, informou o Minist\u00e9rio da Economia, em nota. <\/p>\n\n\n\n<p>A nova redu\u00e7\u00e3o foi aprovada na 1\u00aa reuni\u00e3o extraordin\u00e1ria do Comit\u00ea-Executivo de Gest\u00e3o (Gecex) da C\u00e2mara de Com\u00e9rcio Exterior (Camex). Segundo o governo, a medida deve contribuir para o baratear quase todos os bens importados. Mais de 87% dos c\u00f3digos tarif\u00e1rios tiveram a al\u00edquota zerada ou reduzida em um total de 20%.<\/p>\n\n\n\n<p>No in\u00edcio de abril, o Broadcast antecipou que o governo brasileiro estudava uma nova redu\u00e7\u00e3o nas taxas de importa\u00e7\u00e3o cobradas pelo Pa\u00eds mesmo sem ter o aval do Mercosul.<\/p>\n\n\n\n<p>Em novembro do ano passado, os minist\u00e9rios da Economia e das Rela\u00e7\u00f5es Exteriores j\u00e1 haviam anunciado a redu\u00e7\u00e3o em 10% das al\u00edquotas de 87% da pauta comercial, mantendo de fora bens como autom\u00f3veis e sucroalcooleiros, que j\u00e1 t\u00eam um tratamento diferenciado pelo bloco.<\/p>\n\n\n\n<p>Pelas regras do Mercosul, a TEC cobrada na compra de produtos de fora do bloco s\u00f3 pode ser alterada em comum acordo pelos quatro pa\u00edses do bloco \u2013 Brasil, Argentina, Paraguai e Uruguai. Assim como no ano passado, no entanto, o governo brasileiro deve recorrer a um dispositivo que permite a ado\u00e7\u00e3o de medidas voltadas \u00e0 \u201cprote\u00e7\u00e3o da vida e da sa\u00fade das pessoas\u201d.<\/p>\n\n\n\n<p>Em novembro, o governo brasileiro afirmou que, com a pandemia de Covid-19, houve alta de pre\u00e7os que poderia ser minimizada com um \u201cchoque de importa\u00e7\u00e3o\u201d.<\/p>\n\n\n\n<p>Agora, com os pre\u00e7os aumentando ainda mais, especialmente em meio ao conflito no Leste Europeu, uma nova redu\u00e7\u00e3o tempor\u00e1ria nas tarifas alegando a necessidade de combater a infla\u00e7\u00e3o est\u00e1 no radar.<\/p>\n\n\n\n<p>*AE<\/p>\n","protected":false},"excerpt":{"rendered":"<p>O Minist\u00e9rio da Economia anunciou, nesta segunda-feira (23), uma nova redu\u00e7\u00e3o de 10% de al\u00edquotas do Imposto de Importa\u00e7\u00e3o de bens comercializados, como antecipou o Estad\u00e3o. Segundo a Pasta, a medida reduz os tributos de bens como feij\u00e3o, carne, massas, biscoitos, arroz, materiais de constru\u00e7\u00e3o e tem validade at\u00e9 31 de dezembro de 2023. \u201cA [&hellip;]<\/p>\n","protected":false},"author":2,"featured_media":11281,"comment_status":"open","ping_status":"open","sticky":false,"template":"","format":"standard","meta":[],"categories":[4],"tags":[14],"_links":{"self":[{"href":"https:\/\/dgospel.com.br\/portal\/index.php\/wp-json\/wp\/v2\/posts\/11280"}],"collection":[{"href":"https:\/\/dgospel.com.br\/portal\/index.php\/wp-json\/wp\/v2\/posts"}],"about":[{"href":"https:\/\/dgospel.com.br\/portal\/index.php\/wp-json\/wp\/v2\/types\/post"}],"author":[{"embeddable":true,"href":"https:\/\/dgospel.com.br\/portal\/index.php\/wp-json\/wp\/v2\/users\/2"}],"replies":[{"embeddable":true,"href":"https:\/\/dgospel.com.br\/portal\/index.php\/wp-json\/wp\/v2\/comments?post=11280"}],"version-history":[{"count":1,"href":"https:\/\/dgospel.com.br\/portal\/index.php\/wp-json\/wp\/v2\/posts\/11280\/revisions"}],"predecessor-version":[{"id":11282,"href":"https:\/\/dgospel.com.br\/portal\/index.php\/wp-json\/wp\/v2\/posts\/11280\/revisions\/11282"}],"wp:featuredmedia":[{"embeddable":true,"href":"https:\/\/dgospel.com.br\/portal\/index.php\/wp-json\/wp\/v2\/media\/11281"}],"wp:attachment":[{"href":"https:\/\/dgospel.com.br\/portal\/index.php\/wp-json\/wp\/v2\/media?parent=11280"}],"wp:term":[{"taxonomy":"category","embeddable":true,"href":"https:\/\/dgospel.com.br\/portal\/index.php\/wp-json\/wp\/v2\/categories?post=11280"},{"taxonomy":"post_tag","embeddable":true,"href":"https:\/\/dgospel.com.br\/portal\/index.php\/wp-json\/wp\/v2\/tags?post=11280"}],"curies":[{"name":"wp","href":"https:\/\/api.w.org\/{rel}","templated":true}]}}