{"id":11283,"date":"2022-05-23T20:49:54","date_gmt":"2022-05-23T23:49:54","guid":{"rendered":"http:\/\/dgospel.com.br\/portal\/?p=11283"},"modified":"2022-05-23T20:49:55","modified_gmt":"2022-05-23T23:49:55","slug":"humberto-martins-declara-apoio-a-bolsonaro-e-alfineta-a-globo","status":"publish","type":"post","link":"https:\/\/dgospel.com.br\/portal\/index.php\/2022\/05\/23\/humberto-martins-declara-apoio-a-bolsonaro-e-alfineta-a-globo\/","title":{"rendered":"Humberto Martins declara apoio a Bolsonaro e alfineta a Globo"},"content":{"rendered":"\n<p> Na contram\u00e3o de muitos dos seus colegas da classe art\u00edstica, o ator Humberto Martins declarou seu apoio ao governo do presidente Jair Bolsonaro (PL). <\/p>\n\n\n\n<p> \u2013 [Bolsonaro] Est\u00e1 governando para quem precisa. De certa forma, estou satisfeito com o governo \u2013 declarou o ator de 61 anos neste fim de semana em entrevista \u00e0 Veja durante o Festival de Cinema Vassouras, no Rio de Janeiro. <\/p>\n\n\n\n<p>Martins mostrou n\u00e3o ter receio de ser \u201ccancelado\u201d e que seu posicionamento pol\u00edtico n\u00e3o interfere em sua carreira.<\/p>\n\n\n\n<p>\u2013 N\u00e3o sofro com isso. Cada um \u00e9 dono da sua indument\u00e1ria de consci\u00eancia, do seu destino de vida. \u00c9 tudo liberdade de express\u00e3o \u2013 afirmou.<\/p>\n\n\n\n<p>Ao falar sobre a invas\u00e3o dos streamings no mercado audiovisual, o ator deu uma leve cutucada na TV Globo.<\/p>\n\n\n\n<p>\u2013 \u00c9 maravilhoso! Est\u00e1 dando uma espetada no traseiro da Globo, igual como faz o Gasparzinho [risos]. Est\u00e1 tentando se adequar a novas tend\u00eancias de mercado \u2013 alfinetou.<\/p>\n\n\n\n<p>Sobre festivais de cinema, o ator apontou que, o \u00fanico fator pol\u00edtico nesses eventos \u00e9 a gera\u00e7\u00e3o de empregos.<\/p>\n\n\n\n<p>\u2013 \u00c9 um movimento nada pol\u00edtico, \u00e9 movimento de cinema com suas equipes e produ\u00e7\u00f5es. A hist\u00f3ria contada sempre tem v\u00e1rios fatores e vertentes. A cultura \u00e9 esse encontro, a maneira de ser de um povo diante de suas intemp\u00e9ries. O que tem de pol\u00edtica \u00e9 que um festival assim gera emprego, move a economia \u2013 assinalou.<\/p>\n","protected":false},"excerpt":{"rendered":"<p>Na contram\u00e3o de muitos dos seus colegas da classe art\u00edstica, o ator Humberto Martins declarou seu apoio ao governo do presidente Jair Bolsonaro (PL). \u2013 [Bolsonaro] Est\u00e1 governando para quem precisa. De certa forma, estou satisfeito com o governo \u2013 declarou o ator de 61 anos neste fim de semana em entrevista \u00e0 Veja durante [&hellip;]<\/p>\n","protected":false},"author":2,"featured_media":11284,"comment_status":"open","ping_status":"open","sticky":false,"template":"","format":"standard","meta":[],"categories":[4],"tags":[14],"_links":{"self":[{"href":"https:\/\/dgospel.com.br\/portal\/index.php\/wp-json\/wp\/v2\/posts\/11283"}],"collection":[{"href":"https:\/\/dgospel.com.br\/portal\/index.php\/wp-json\/wp\/v2\/posts"}],"about":[{"href":"https:\/\/dgospel.com.br\/portal\/index.php\/wp-json\/wp\/v2\/types\/post"}],"author":[{"embeddable":true,"href":"https:\/\/dgospel.com.br\/portal\/index.php\/wp-json\/wp\/v2\/users\/2"}],"replies":[{"embeddable":true,"href":"https:\/\/dgospel.com.br\/portal\/index.php\/wp-json\/wp\/v2\/comments?post=11283"}],"version-history":[{"count":1,"href":"https:\/\/dgospel.com.br\/portal\/index.php\/wp-json\/wp\/v2\/posts\/11283\/revisions"}],"predecessor-version":[{"id":11285,"href":"https:\/\/dgospel.com.br\/portal\/index.php\/wp-json\/wp\/v2\/posts\/11283\/revisions\/11285"}],"wp:featuredmedia":[{"embeddable":true,"href":"https:\/\/dgospel.com.br\/portal\/index.php\/wp-json\/wp\/v2\/media\/11284"}],"wp:attachment":[{"href":"https:\/\/dgospel.com.br\/portal\/index.php\/wp-json\/wp\/v2\/media?parent=11283"}],"wp:term":[{"taxonomy":"category","embeddable":true,"href":"https:\/\/dgospel.com.br\/portal\/index.php\/wp-json\/wp\/v2\/categories?post=11283"},{"taxonomy":"post_tag","embeddable":true,"href":"https:\/\/dgospel.com.br\/portal\/index.php\/wp-json\/wp\/v2\/tags?post=11283"}],"curies":[{"name":"wp","href":"https:\/\/api.w.org\/{rel}","templated":true}]}}