{"id":11286,"date":"2022-05-23T20:55:31","date_gmt":"2022-05-23T23:55:31","guid":{"rendered":"http:\/\/dgospel.com.br\/portal\/?p=11286"},"modified":"2022-05-23T20:55:32","modified_gmt":"2022-05-23T23:55:32","slug":"joao-doria-desiste-de-concorrer-a-presidencia-coracao-ferido","status":"publish","type":"post","link":"https:\/\/dgospel.com.br\/portal\/index.php\/2022\/05\/23\/joao-doria-desiste-de-concorrer-a-presidencia-coracao-ferido\/","title":{"rendered":"Jo\u00e3o Doria desiste de concorrer \u00e0 Presid\u00eancia: \u201cCora\u00e7\u00e3o ferido\u201d"},"content":{"rendered":"\n<p> Jo\u00e3o Doria, ex-governador de S\u00e3o Paulo e pr\u00e9-candidato do PSDB \u00e0 Presid\u00eancia, anunciou oficialmente sua desist\u00eancia da corrida ao Planalto nas elei\u00e7\u00f5es de outubro. O pronunciamento aconteceu nesta segunda-feira (23), ap\u00f3s uma reuni\u00e3o com a c\u00fapula tucana. <\/p>\n\n\n\n<p> \u2013 Entendo que n\u00e3o sou o candidato da c\u00fapula do PSDB, e aceito. Sempre busquei e continuarei buscando o consenso, ainda que ele seja contr\u00e1rio a mim. Saio de cora\u00e7\u00e3o ferido e de alma leve \u2013 disse Doria. <\/p>\n\n\n\n<p>No palanque, ao lado do tucano, tamb\u00e9m estavam sua esposa, Bia Doria, e o presidente nacional do PSDB, Bruno Ara\u00fajo; al\u00e9m de aliados.<\/p>\n\n\n\n<p>\u2013 Seguirei como observador sereno do meu pa\u00eds, sempre com a disposi\u00e7\u00e3o de lutar a guerra para a qual eu fui chamado. Que Deus proteja o Brasil \u2013 acrescentou.<\/p>\n\n\n\n<p>Doria disputava a vaga de candidato \u00fanico do grupo que re\u00fane MDB, PSDB e Cidadania, mas a c\u00fapula das tr\u00eas legendas j\u00e1 indicou que quer a senadora Simone Tebet (MDB) nas urnas em outubro.<\/p>\n\n\n\n<p>Na \u00faltima quarta (18), os presidentes dos partidos \u201crifaram\u201d Doria e endossaram o nome da emedebista ap\u00f3s uma pesquisa interna indicar que a rejei\u00e7\u00e3o menor a Tebet dava mais condi\u00e7\u00f5es a ela, que ao ex-governador de S\u00e3o Paulo, de tentar quebrar a polariza\u00e7\u00e3o entre o ex-presidente Luiz In\u00e1cio Lula da Silva (PT) e o presidente Jair Bolsonaro (PL).<\/p>\n","protected":false},"excerpt":{"rendered":"<p>Jo\u00e3o Doria, ex-governador de S\u00e3o Paulo e pr\u00e9-candidato do PSDB \u00e0 Presid\u00eancia, anunciou oficialmente sua desist\u00eancia da corrida ao Planalto nas elei\u00e7\u00f5es de outubro. O pronunciamento aconteceu nesta segunda-feira (23), ap\u00f3s uma reuni\u00e3o com a c\u00fapula tucana. \u2013 Entendo que n\u00e3o sou o candidato da c\u00fapula do PSDB, e aceito. Sempre busquei e continuarei buscando [&hellip;]<\/p>\n","protected":false},"author":2,"featured_media":11287,"comment_status":"open","ping_status":"open","sticky":false,"template":"","format":"standard","meta":[],"categories":[4],"tags":[14],"_links":{"self":[{"href":"https:\/\/dgospel.com.br\/portal\/index.php\/wp-json\/wp\/v2\/posts\/11286"}],"collection":[{"href":"https:\/\/dgospel.com.br\/portal\/index.php\/wp-json\/wp\/v2\/posts"}],"about":[{"href":"https:\/\/dgospel.com.br\/portal\/index.php\/wp-json\/wp\/v2\/types\/post"}],"author":[{"embeddable":true,"href":"https:\/\/dgospel.com.br\/portal\/index.php\/wp-json\/wp\/v2\/users\/2"}],"replies":[{"embeddable":true,"href":"https:\/\/dgospel.com.br\/portal\/index.php\/wp-json\/wp\/v2\/comments?post=11286"}],"version-history":[{"count":1,"href":"https:\/\/dgospel.com.br\/portal\/index.php\/wp-json\/wp\/v2\/posts\/11286\/revisions"}],"predecessor-version":[{"id":11288,"href":"https:\/\/dgospel.com.br\/portal\/index.php\/wp-json\/wp\/v2\/posts\/11286\/revisions\/11288"}],"wp:featuredmedia":[{"embeddable":true,"href":"https:\/\/dgospel.com.br\/portal\/index.php\/wp-json\/wp\/v2\/media\/11287"}],"wp:attachment":[{"href":"https:\/\/dgospel.com.br\/portal\/index.php\/wp-json\/wp\/v2\/media?parent=11286"}],"wp:term":[{"taxonomy":"category","embeddable":true,"href":"https:\/\/dgospel.com.br\/portal\/index.php\/wp-json\/wp\/v2\/categories?post=11286"},{"taxonomy":"post_tag","embeddable":true,"href":"https:\/\/dgospel.com.br\/portal\/index.php\/wp-json\/wp\/v2\/tags?post=11286"}],"curies":[{"name":"wp","href":"https:\/\/api.w.org\/{rel}","templated":true}]}}