{"id":11289,"date":"2022-05-23T21:08:01","date_gmt":"2022-05-24T00:08:01","guid":{"rendered":"http:\/\/dgospel.com.br\/portal\/?p=11289"},"modified":"2022-05-23T21:08:02","modified_gmt":"2022-05-24T00:08:02","slug":"forcas-armadas-cumprirao-a-lei-nas-eleicoes-diz-lider-da-fab","status":"publish","type":"post","link":"https:\/\/dgospel.com.br\/portal\/index.php\/2022\/05\/23\/forcas-armadas-cumprirao-a-lei-nas-eleicoes-diz-lider-da-fab\/","title":{"rendered":"\u201cFor\u00e7as Armadas cumprir\u00e3o a lei nas elei\u00e7\u00f5es\u201d, diz l\u00edder da FAB"},"content":{"rendered":"\n<p>Nesta segunda-feira (23), o comandante da For\u00e7a A\u00e9rea Brasileira (FAB), brigadeiro Baptista J\u00fanior, afirmou que as For\u00e7as Armadas ir\u00e3o cumprir as leis durante as elei\u00e7\u00f5es deste ano. A declara\u00e7\u00e3o foi dada durante um caf\u00e9 da manh\u00e3 com jornalistas.<\/p>\n\n\n\n<p>O militar explicou que a Aeron\u00e1utica, a Marinha e o Ex\u00e9rcito ir\u00e3o trabalhar integradas nas elei\u00e7\u00f5es.<\/p>\n\n\n\n<p>\u2013 Em todas as elei\u00e7\u00f5es, n\u00f3s somos respons\u00e1veis por grande parte do transporte das urnas. O voto de quem est\u00e1 em Santa Rosa do Purus (AC), de quem est\u00e1 em Barcelos (AM), \u00e9 caro para a gente, mas esse \u00e9 o pre\u00e7o que a gente tem que pagar pela participa\u00e7\u00e3o democr\u00e1tica de todos os cidad\u00e3os que t\u00eam direito de votar. Fazemos com muita efici\u00eancia, com muita confian\u00e7a no resultado, no transporte de todas as urnas (\u2026). Fazemos uma opera\u00e7\u00e3o chamada GVA (Garantia de Vota\u00e7\u00e3o e da Apura\u00e7\u00e3o), em todas as elei\u00e7\u00f5es. Garantir que n\u00e3o [v\u00e1] ter confus\u00e3o, que vai ser feito em clima de tranquilidade a vota\u00e7\u00e3o. N\u00f3s usamos todos os meios das tr\u00eas For\u00e7as \u2013 pontuou.<\/p>\n\n\n\n<p>Baptista J\u00fanior ainda ressaltou que a FAB \u00e9 \u201clegalista\u201d.<\/p>\n","protected":false},"excerpt":{"rendered":"<p>Nesta segunda-feira (23), o comandante da For\u00e7a A\u00e9rea Brasileira (FAB), brigadeiro Baptista J\u00fanior, afirmou que as For\u00e7as Armadas ir\u00e3o cumprir as leis durante as elei\u00e7\u00f5es deste ano. A declara\u00e7\u00e3o foi dada durante um caf\u00e9 da manh\u00e3 com jornalistas. O militar explicou que a Aeron\u00e1utica, a Marinha e o Ex\u00e9rcito ir\u00e3o trabalhar integradas nas elei\u00e7\u00f5es. \u2013 [&hellip;]<\/p>\n","protected":false},"author":2,"featured_media":11290,"comment_status":"open","ping_status":"open","sticky":false,"template":"","format":"standard","meta":[],"categories":[4],"tags":[14],"_links":{"self":[{"href":"https:\/\/dgospel.com.br\/portal\/index.php\/wp-json\/wp\/v2\/posts\/11289"}],"collection":[{"href":"https:\/\/dgospel.com.br\/portal\/index.php\/wp-json\/wp\/v2\/posts"}],"about":[{"href":"https:\/\/dgospel.com.br\/portal\/index.php\/wp-json\/wp\/v2\/types\/post"}],"author":[{"embeddable":true,"href":"https:\/\/dgospel.com.br\/portal\/index.php\/wp-json\/wp\/v2\/users\/2"}],"replies":[{"embeddable":true,"href":"https:\/\/dgospel.com.br\/portal\/index.php\/wp-json\/wp\/v2\/comments?post=11289"}],"version-history":[{"count":1,"href":"https:\/\/dgospel.com.br\/portal\/index.php\/wp-json\/wp\/v2\/posts\/11289\/revisions"}],"predecessor-version":[{"id":11291,"href":"https:\/\/dgospel.com.br\/portal\/index.php\/wp-json\/wp\/v2\/posts\/11289\/revisions\/11291"}],"wp:featuredmedia":[{"embeddable":true,"href":"https:\/\/dgospel.com.br\/portal\/index.php\/wp-json\/wp\/v2\/media\/11290"}],"wp:attachment":[{"href":"https:\/\/dgospel.com.br\/portal\/index.php\/wp-json\/wp\/v2\/media?parent=11289"}],"wp:term":[{"taxonomy":"category","embeddable":true,"href":"https:\/\/dgospel.com.br\/portal\/index.php\/wp-json\/wp\/v2\/categories?post=11289"},{"taxonomy":"post_tag","embeddable":true,"href":"https:\/\/dgospel.com.br\/portal\/index.php\/wp-json\/wp\/v2\/tags?post=11289"}],"curies":[{"name":"wp","href":"https:\/\/api.w.org\/{rel}","templated":true}]}}