{"id":11295,"date":"2022-05-23T21:59:15","date_gmt":"2022-05-24T00:59:15","guid":{"rendered":"http:\/\/dgospel.com.br\/portal\/?p=11295"},"modified":"2022-05-23T21:59:16","modified_gmt":"2022-05-24T00:59:16","slug":"governo-do-tocantins-capacita-brigadas-florestais-das-unidades-de-conservacao","status":"publish","type":"post","link":"https:\/\/dgospel.com.br\/portal\/index.php\/2022\/05\/23\/governo-do-tocantins-capacita-brigadas-florestais-das-unidades-de-conservacao\/","title":{"rendered":"Governo do Tocantins capacita brigadas florestais das Unidades de Conserva\u00e7\u00e3o"},"content":{"rendered":"\n<p>Nesta ter\u00e7a e quarta-feira, 24 e 25, o Governo do Tocantins, por meio do Instituto Natureza do Tocantins (Naturatins), capacita as brigadas florestais do Parque Estadual do Cant\u00e3o (PEC) e da \u00c1rea de Prote\u00e7\u00e3o Ambiental (APA) Ilha do Bananal\/Cant\u00e3o. A capacita\u00e7\u00e3o ocorre na sede do PEC, em Caseara, regi\u00e3o oeste do Estado. Devem participar cerca de 50 brigadistas entre aqueles atuantes nas Unidades de Conserva\u00e7\u00e3o (UCs) e os vinculados \u00e0s prefeituras de Araguacema e Caseara.<\/p>\n\n\n\n<p>As forma\u00e7\u00f5es, que come\u00e7aram no m\u00eas de abril, pelas brigadas florestais da regi\u00e3o Central e do Parque Estadual do Jalap\u00e3o (PEJ), capacitaram, na \u00faltima semana, mais de 30 brigadistas entre os que atuam pela Prefeitura Municipal de Filad\u00e9lfia e os do Monumento Natural das \u00c1rvores Fossilizadas (Monaf), em Biel\u00e2ndia, Unidade de Conserva\u00e7\u00e3o (UC), gerida pelo \u00f3rg\u00e3o ambiental estadual. Na quinta e sexta-feira, 19 e 20, tamb\u00e9m foram capacitados cerca de 30 comunit\u00e1rios da Comunidade Pedreira, na zona rural de Lajeado, localidade pertencente \u00e0 APA Serra do Lajeado.<\/p>\n\n\n\n<p>Realizada pela Ger\u00eancia de Suporte ao Desenvolvimento Socioecon\u00f4mico, ligada \u00e0 Diretoria de Biodiversidade e \u00c1reas Protegidas, as forma\u00e7\u00f5es de brigadas t\u00eam os objetivos de alinhar estrat\u00e9gias de atua\u00e7\u00e3o, compartilhar conhecimentos e experi\u00eancias vivenciadas em outras UCs a fim de prevenir e controlar os inc\u00eandios florestais e assim reduzir os preju\u00edzos \u00e0 fauna e \u00e0 flora. Brigadistas aprendem desde no\u00e7\u00f5es legais de uma UC ao uso correto de Equipamentos de Prote\u00e7\u00e3o Individual (EPIs), al\u00e9m de aspectos ecol\u00f3gicos, socioecon\u00f4micos e t\u00e9cnicos para o Manejo Integrado do Fogo (MIF), estrat\u00e9gia de gest\u00e3o ambiental adaptada a cada realidade local para integrar a\u00e7\u00f5es de controle de queimadas e de preven\u00e7\u00e3o e combate aos inc\u00eandios florestais.<\/p>\n\n\n\n<p>A atua\u00e7\u00e3o do Naturatins tem ainda o foco em promover o protagonismo das comunidades, com respeito \u00e0s tradi\u00e7\u00f5es culturais do uso do fogo para planta\u00e7\u00f5es e cria\u00e7\u00e3o de animais. Por isso, a constru\u00e7\u00e3o conjunta de um calend\u00e1rio de queima prescrita que antecede o per\u00edodo de estiagem.<\/p>\n\n\n\n<p>&#8220;Era algo que n\u00e3o existia antes e, agora, existe em nossa comunidade. Colaborar com as pessoas do lugar \u00e9 muito importante, porque o fogo quando vem descontrolado causa muitos preju\u00edzos \u00e0s pessoas&#8221;, avaliou o produtor rural da regi\u00e3o da APA Serra do Lajeado, Ronaldo Parente, ap\u00f3s participar da capacita\u00e7\u00e3o direcionada \u00e0 Comunidade Pedreira, finalizada na sexta-feira, 20, em parceria com o Naturatins, a Defesa Civil e a Prefeitura Municipal de Lajeado.<\/p>\n\n\n\n<figure class=\"wp-block-image\"><img src=\"https:\/\/central.to.gov.br\/image\/292838?w=670&amp;h=383\" alt=\"\"\/><\/figure>\n\n\n\n<p>Capacita\u00e7\u00e3o de brigadistas em Biel\u00e2ndia ocorreu de 16 a 18 de maio &#8211; Washington Luiz\/Governo do Tocantins<a rel=\"noreferrer noopener\" href=\"https:\/\/central.to.gov.br\/image\/292838?f=1\" target=\"_blank\"><em>.<\/em><\/a><\/p>\n\n\n\n<figure class=\"wp-block-image\"><img src=\"https:\/\/central.to.gov.br\/image\/292839?w=670&amp;h=383\" alt=\"\"\/><\/figure>\n\n\n\n<p>A supervisora da APA Jalap\u00e3o, Rejane Nunes, compartilha viv\u00eancias com alunos do curso &#8211; Washington Luiz\/Governo do Tocantins.<\/p>\n\n\n\n<figure class=\"wp-block-image\"><img src=\"https:\/\/central.to.gov.br\/image\/292840?w=670&amp;h=383\" alt=\"\"\/><\/figure>\n\n\n\n<p>Uso de drones auxilia no monitoramento de queimadas &#8211; Washington Luiz\/Governo do Tocantins.<\/p>\n\n\n\n<figure class=\"wp-block-image\"><img src=\"https:\/\/central.to.gov.br\/image\/292841?w=670&amp;h=383\" alt=\"\"\/><\/figure>\n\n\n\n<p>Diretor de Biodiversidade e \u00c1reas Protegidas, Warley Rodrigues, detalha uso de equipamentos &#8211; Washington Luiz\/Governo do Tocantins.<\/p>\n\n\n\n<figure class=\"wp-block-image\"><img src=\"https:\/\/central.to.gov.br\/image\/292843?w=670&amp;h=383\" alt=\"\"\/><\/figure>\n\n\n\n<p>Brigadistas recebem certifica\u00e7\u00e3o ao final do curso &#8211; Washington Luiz\/Governo do Tocantins\n\n<\/p>\n","protected":false},"excerpt":{"rendered":"<p>Nesta ter\u00e7a e quarta-feira, 24 e 25, o Governo do Tocantins, por meio do Instituto Natureza do Tocantins (Naturatins), capacita as brigadas florestais do Parque Estadual do Cant\u00e3o (PEC) e da \u00c1rea de Prote\u00e7\u00e3o Ambiental (APA) Ilha do Bananal\/Cant\u00e3o. A capacita\u00e7\u00e3o ocorre na sede do PEC, em Caseara, regi\u00e3o oeste do Estado. Devem participar cerca [&hellip;]<\/p>\n","protected":false},"author":2,"featured_media":11296,"comment_status":"open","ping_status":"open","sticky":false,"template":"","format":"standard","meta":[],"categories":[3],"tags":[13],"_links":{"self":[{"href":"https:\/\/dgospel.com.br\/portal\/index.php\/wp-json\/wp\/v2\/posts\/11295"}],"collection":[{"href":"https:\/\/dgospel.com.br\/portal\/index.php\/wp-json\/wp\/v2\/posts"}],"about":[{"href":"https:\/\/dgospel.com.br\/portal\/index.php\/wp-json\/wp\/v2\/types\/post"}],"author":[{"embeddable":true,"href":"https:\/\/dgospel.com.br\/portal\/index.php\/wp-json\/wp\/v2\/users\/2"}],"replies":[{"embeddable":true,"href":"https:\/\/dgospel.com.br\/portal\/index.php\/wp-json\/wp\/v2\/comments?post=11295"}],"version-history":[{"count":1,"href":"https:\/\/dgospel.com.br\/portal\/index.php\/wp-json\/wp\/v2\/posts\/11295\/revisions"}],"predecessor-version":[{"id":11297,"href":"https:\/\/dgospel.com.br\/portal\/index.php\/wp-json\/wp\/v2\/posts\/11295\/revisions\/11297"}],"wp:featuredmedia":[{"embeddable":true,"href":"https:\/\/dgospel.com.br\/portal\/index.php\/wp-json\/wp\/v2\/media\/11296"}],"wp:attachment":[{"href":"https:\/\/dgospel.com.br\/portal\/index.php\/wp-json\/wp\/v2\/media?parent=11295"}],"wp:term":[{"taxonomy":"category","embeddable":true,"href":"https:\/\/dgospel.com.br\/portal\/index.php\/wp-json\/wp\/v2\/categories?post=11295"},{"taxonomy":"post_tag","embeddable":true,"href":"https:\/\/dgospel.com.br\/portal\/index.php\/wp-json\/wp\/v2\/tags?post=11295"}],"curies":[{"name":"wp","href":"https:\/\/api.w.org\/{rel}","templated":true}]}}