{"id":11298,"date":"2022-05-23T22:01:05","date_gmt":"2022-05-24T01:01:05","guid":{"rendered":"http:\/\/dgospel.com.br\/portal\/?p=11298"},"modified":"2022-05-23T22:01:07","modified_gmt":"2022-05-24T01:01:07","slug":"tocantins-recebe-tecnicos-do-ministerio-da-saude-para-capacitacao-sobre-vigilancia-da-febre-amarela","status":"publish","type":"post","link":"https:\/\/dgospel.com.br\/portal\/index.php\/2022\/05\/23\/tocantins-recebe-tecnicos-do-ministerio-da-saude-para-capacitacao-sobre-vigilancia-da-febre-amarela\/","title":{"rendered":"Tocantins recebe t\u00e9cnicos do Minist\u00e9rio da Sa\u00fade para capacita\u00e7\u00e3o sobre vigil\u00e2ncia da Febre Amarela"},"content":{"rendered":"\n<p>A Secretaria de Estado da Sa\u00fade (SES), em parceria com o Minist\u00e9rio da Sa\u00fade (MS), realiza, em Palmas, no per\u00edodo de 23 a 27 de maio, o Curso de Vigil\u00e2ncia Epidemiol\u00f3gica da Febre Amarela (FA), Febre do Nilo Ocidental e oficina de forma\u00e7\u00e3o de multiplicadores. O evento coordenado pela Ger\u00eancia das Arboviroses atualizar\u00e1 as equipes sobre a incorpora\u00e7\u00e3o do uso da plataforma do Sistema de Informa\u00e7\u00e3o em Sa\u00fade Silvestre (SISS-Geo), da Funda\u00e7\u00e3o Oswaldo Cruz (Fiocruz).<\/p>\n\n\n\n<p>Participam do curso gestores e t\u00e9cnicos especializados das \u00e1reas de Vigil\u00e2ncia em Sa\u00fade, Vigil\u00e2ncia Epidemiol\u00f3gica, Vigil\u00e2ncia Animal, Ambiental, de Zoonoses, Febre Amarela e de setores estrat\u00e9gicos elencados pelo Estado e dos munic\u00edpios para as a\u00e7\u00f5es de vigil\u00e2ncia. Al\u00e9m destes, participam ainda profissionais para atuarem como multiplicadores do treinamento para incorpora\u00e7\u00e3o e uso da plataforma SISS-Geo, para vigil\u00e2ncia de primatas n\u00e3o humanos, equ\u00eddeos com sinais neurol\u00f3gicos, aves e outros animais silvestres.<\/p>\n\n\n\n<p>Tamb\u00e9m foram convidados para participar dos cursos, os t\u00e9cnicos da Ag\u00eancia de Defesa Agropecu\u00e1ria (Adapec), da Empresa Brasileira de Pesquisa Agropecu\u00e1ria (Embrapa), do Instituto Brasileiro do Meio Ambiente e dos Recursos Naturais Renov\u00e1veis (Ibama), da Universidade Federal do Tocantins (UFT), da Universidade Federal do Norte do Tocantins (UFNT), da Pol\u00edcia Ambiental e da Associa\u00e7\u00e3o Tocantinense de Bi\u00f3logos (ATABio).<\/p>\n\n\n\n<p>A coordenadora de endemias do munic\u00edpio de Caseara, Sonia Pereira Vanderlei, participa da a\u00e7\u00e3o em busca de aperfei\u00e7oamento para o trabalho realizado no munic\u00edpio. \u201cMuitas a\u00e7\u00f5es j\u00e1 realizamos, por estarmos em \u00e1rea end\u00eamica e de divisa com outro Estado end\u00eamico, o Par\u00e1. Com esta capacita\u00e7\u00e3o, pretendemos melhorar o trabalho da vigil\u00e2ncia para poder controlar a incid\u00eancia da doen\u00e7a, al\u00e9m da manuten\u00e7\u00e3o dos \u00edndices de vacina\u00e7\u00e3o da popula\u00e7\u00e3o\u201d, informou.&nbsp; &nbsp;<\/p>\n\n\n\n<p>A gerente das Arboviroses da SES, Christiane Bueno, explica que \u201co Tocantins faz parte da regi\u00e3o Amaz\u00f4nica, \u00e1rea end\u00eamica de transmiss\u00e3o da febre amarela, por isso \u00e9 necess\u00e1rio um trabalho de vigil\u00e2ncia eficiente. A\u00e7\u00f5es como esta visam manter nossas equipes capacitadas para o controle desta doen\u00e7a. Este ano, tivemos um \u00f3bito confirmado por FA, um turista n\u00e3o vacinado que esteve no Tocantins. Aprimorar as t\u00e9cnicas e as estrat\u00e9gias de vigil\u00e2ncia, em conjunto com as a\u00e7\u00f5es de promo\u00e7\u00e3o e preven\u00e7\u00e3o da FA, como a vacina, pode contribuir para a detec\u00e7\u00e3o oportuna de novos casos e reduzir a perda de vidas\u201d, afirmou a gerente.&nbsp;<\/p>\n\n\n\n<p>O t\u00e9cnico do MS, Daniel Garkayskas Ramos, refor\u00e7ou que \u201ca febre amarela \u00e9 uma doen\u00e7a de animais, uma zoonose, altamente letal. A ocorr\u00eancia em humanos \u00e9 um evento adverso que deve ser evitado com a uni\u00e3o de estrat\u00e9gias de controle, vigil\u00e2ncia e a\u00e7\u00f5es de preven\u00e7\u00e3o com a vacina. A febre amarela \u00e9 uma doen\u00e7a que produziu mais casos nos \u00faltimos seis anos, do que em 82 anos anteriores. A capacita\u00e7\u00e3o visa ampliar a vigil\u00e2ncia e melhorar a sensibilidade regional, para detec\u00e7\u00e3o precoce da Febre Amarela e outras arboviroses e zoonoses na regi\u00e3o, a fim de mapear \u00e1reas de ocorr\u00eancia e caminhos de dispers\u00e3o, como ferramenta adicional \u00e0 tomada de decis\u00e3o\u201d, informou.<\/p>\n\n\n\n<p><strong>SISS-Geo<\/strong><\/p>\n\n\n\n<p>O Sistema de Informa\u00e7\u00e3o em Sa\u00fade Silvestre (SISS-Geo) \u00e9 uma plataforma computacional inerente ao funcionamento do Centro de Informa\u00e7\u00e3o em Sa\u00fade Silvestre (CISS), ambiente virtual da Fiocruz. Existe para gerar, a partir de observa\u00e7\u00f5es georreferenciadas de animais, modelos de alerta de doen\u00e7as na fauna silvestre, especialmente aquelas com potencial de acometimento humano, possibilitando a\u00e7\u00f5es de vigil\u00e2ncia e preven\u00e7\u00e3o \u00e0 sa\u00fade.<\/p>\n\n\n\n<p>O aplicativo SISS-Geo Android foi elaborado para que os profissionais possam registrar, on-line ou off-line, suas observa\u00e7\u00f5es de maneira r\u00e1pida, simples e eficiente, contribuindo de forma direta com a constru\u00e7\u00e3o de um sistema de utilidade p\u00fablica para preven\u00e7\u00e3o de doen\u00e7as, em animais e em pessoas.<\/p>\n\n\n\n<p><strong>Febre Amarela<\/strong><\/p>\n\n\n\n<p>\u00c9 uma doen\u00e7a infecciosa febril aguda, imunopreven\u00edvel, transmitida por mosquitos silvestres que podem infectar o homem acidentalmente, quando este adentra ambiente de mata. A forma mais eficaz de combate \u00e9 a imuniza\u00e7\u00e3o. A vacina \u00e9 ofertada nos postos de sa\u00fade de todo o territ\u00f3rio nacional.<\/p>\n\n\n\n<figure class=\"wp-block-image\"><img src=\"https:\/\/central.to.gov.br\/image\/292892?w=670&amp;h=383\" alt=\"\"\/><\/figure>\n\n\n\n<p>A febre amarela \u00e9 uma doen\u00e7a de animais, transmiss\u00edveis aos seres humanos, uma zoonose, altamente letal &#8211; Laiany Alves\/Governo do Tocantins.<\/p>\n\n\n\n<figure class=\"wp-block-image\"><img src=\"https:\/\/central.to.gov.br\/image\/292894?w=670&amp;h=383\" alt=\"\"\/><\/figure>\n\n\n\n<p>A coordenadora de Endemias do munic\u00edpio de Caseara, Sonia Pereira Vanderlei, busca o aperfei\u00e7oamento do trabalho realizado no munic\u00edpio &#8211; Laiany Alves\/Governo do Tocantins&nbsp;\n\n<\/p>\n","protected":false},"excerpt":{"rendered":"<p>A Secretaria de Estado da Sa\u00fade (SES), em parceria com o Minist\u00e9rio da Sa\u00fade (MS), realiza, em Palmas, no per\u00edodo de 23 a 27 de maio, o Curso de Vigil\u00e2ncia Epidemiol\u00f3gica da Febre Amarela (FA), Febre do Nilo Ocidental e oficina de forma\u00e7\u00e3o de multiplicadores. O evento coordenado pela Ger\u00eancia das Arboviroses atualizar\u00e1 as equipes [&hellip;]<\/p>\n","protected":false},"author":2,"featured_media":11299,"comment_status":"open","ping_status":"open","sticky":false,"template":"","format":"standard","meta":[],"categories":[3],"tags":[13],"_links":{"self":[{"href":"https:\/\/dgospel.com.br\/portal\/index.php\/wp-json\/wp\/v2\/posts\/11298"}],"collection":[{"href":"https:\/\/dgospel.com.br\/portal\/index.php\/wp-json\/wp\/v2\/posts"}],"about":[{"href":"https:\/\/dgospel.com.br\/portal\/index.php\/wp-json\/wp\/v2\/types\/post"}],"author":[{"embeddable":true,"href":"https:\/\/dgospel.com.br\/portal\/index.php\/wp-json\/wp\/v2\/users\/2"}],"replies":[{"embeddable":true,"href":"https:\/\/dgospel.com.br\/portal\/index.php\/wp-json\/wp\/v2\/comments?post=11298"}],"version-history":[{"count":1,"href":"https:\/\/dgospel.com.br\/portal\/index.php\/wp-json\/wp\/v2\/posts\/11298\/revisions"}],"predecessor-version":[{"id":11300,"href":"https:\/\/dgospel.com.br\/portal\/index.php\/wp-json\/wp\/v2\/posts\/11298\/revisions\/11300"}],"wp:featuredmedia":[{"embeddable":true,"href":"https:\/\/dgospel.com.br\/portal\/index.php\/wp-json\/wp\/v2\/media\/11299"}],"wp:attachment":[{"href":"https:\/\/dgospel.com.br\/portal\/index.php\/wp-json\/wp\/v2\/media?parent=11298"}],"wp:term":[{"taxonomy":"category","embeddable":true,"href":"https:\/\/dgospel.com.br\/portal\/index.php\/wp-json\/wp\/v2\/categories?post=11298"},{"taxonomy":"post_tag","embeddable":true,"href":"https:\/\/dgospel.com.br\/portal\/index.php\/wp-json\/wp\/v2\/tags?post=11298"}],"curies":[{"name":"wp","href":"https:\/\/api.w.org\/{rel}","templated":true}]}}