{"id":1130,"date":"2018-08-29T09:05:59","date_gmt":"2018-08-29T12:05:59","guid":{"rendered":"http:\/\/dgospel.com.br\/portal\/?p=1130"},"modified":"2018-08-29T09:05:59","modified_gmt":"2018-08-29T12:05:59","slug":"curso-de-qualidade-em-vendas-possibilita-a-profissionalizacao-de-reeducandos","status":"publish","type":"post","link":"https:\/\/dgospel.com.br\/portal\/index.php\/2018\/08\/29\/curso-de-qualidade-em-vendas-possibilita-a-profissionalizacao-de-reeducandos\/","title":{"rendered":"Curso de \u201cQualidade em Vendas\u201d possibilita a profissionaliza\u00e7\u00e3o de reeducandos"},"content":{"rendered":"<p style=\"font-weight: 400;\">A Secretaria de Estado da Cidadania e Justi\u00e7a (Seciju), por meio da\u00a0<a href=\"https:\/\/cidadaniaejustica.to.gov.br\/institucional\/estrutura\/superintendencia-do-sistema-penitenciario\/diretoria-de-politicas-e-projetos-de-educacao-do-sistema-prisional\/gerencia-de-reintegracao-social-trabalho-e-renda-do-preso-e-do-egresso\/\" data-saferedirecturl=\"https:\/\/www.google.com\/url?q=https:\/\/cidadaniaejustica.to.gov.br\/institucional\/estrutura\/superintendencia-do-sistema-penitenciario\/diretoria-de-politicas-e-projetos-de-educacao-do-sistema-prisional\/gerencia-de-reintegracao-social-trabalho-e-renda-do-preso-e-do-egresso\/&amp;source=gmail&amp;ust=1535629890031000&amp;usg=AFQjCNHVX0xoPbkpWIvTHv9eFkaIN34dCA\">Ger\u00eancia de Reintegra\u00e7\u00e3o Social, Trabalho e Renda do Preso e do Egresso<\/a>,\u00a0est\u00e1 realizando o curso de qualifica\u00e7\u00e3o profissional de \u201cQualidade em Vendas\u201d, em compromisso com a cidadania e a empregabilidade. O curso est\u00e1 sendo oferecido a 20 reeducandos que cumprem pena em regime semiaberto e utilizam tornozeleiras eletr\u00f4nicas. O projeto de capacita\u00e7\u00e3o continuada iniciou nesta ter\u00e7a-feira, 28, e a formatura est\u00e1 agendada para o dia 04 de setembro.<\/p>\n<p style=\"font-weight: 400;\">O curso possui carga hor\u00e1ria de 24 horas e em sua grade temas como desafios, metas, comportamento e comunica\u00e7\u00e3o na \u00e1rea de vendas, al\u00e9m de falar sobre o produto, t\u00e9cnicas de exposi\u00e7\u00e3o e uso das tecnologias. \u201cQueremos, atrav\u00e9s desse curso, trabalhar tamb\u00e9m as rela\u00e7\u00f5es interpessoais. A tend\u00eancia das empresas \u00e9 julgar os reeducandos, por isso buscamos, assim com a profissionaliza\u00e7\u00e3o, abrir portas para a empregabilidade\u201d, afirmou Ricardo Ara\u00fajo, gerente de Reintegra\u00e7\u00e3o Social, Trabalho e Renda do Preso e do Egresso<\/p>\n<p style=\"font-weight: 400;\">\u201cPlanejamos esse curso com o objetivo qualific\u00e1-los para o mercado de trabalho, para que, assim, a ressocializa\u00e7\u00e3o realmente aconte\u00e7a\u201d, refor\u00e7ou Rizia Vieira, analista especializada em Opera\u00e7\u00f5es em Recursos Humanos da Seciju e instrutora do curso. No curso, ela explica sobre a motiva\u00e7\u00e3o que rege a vontade de trabalhar com vendas e um dos pontos importantes \u00e9 a voca\u00e7\u00e3o, os talentos que a pessoa espontaneamente expressa, o que impulsionar\u00e1 a fazer com dedica\u00e7\u00e3o.<\/p>\n<p style=\"font-weight: 400;\">Um dos exemplos \u00e9 o reeducando G.A., 36 anos, que morou na It\u00e1lia por uma temporada e aprendeu fazer pizzas. Agora, ele vende pizzas durante o per\u00edodo que tem cumprindo sua pena em pris\u00e3o domiciliar. \u201cEu vejo nesse curso uma oportunidade de engajar no meu neg\u00f3cio\u201d, avisou o reeducando.<\/p>\n","protected":false},"excerpt":{"rendered":"<p>A Secretaria de Estado da Cidadania e Justi\u00e7a (Seciju), por meio da\u00a0Ger\u00eancia de Reintegra\u00e7\u00e3o Social, Trabalho e Renda do Preso e do Egresso,\u00a0est\u00e1 realizando o curso de qualifica\u00e7\u00e3o profissional de \u201cQualidade em Vendas\u201d, em compromisso com a cidadania e a empregabilidade. O curso est\u00e1 sendo oferecido a 20 reeducandos que cumprem pena em regime semiaberto [&hellip;]<\/p>\n","protected":false},"author":2,"featured_media":1131,"comment_status":"open","ping_status":"open","sticky":false,"template":"","format":"standard","meta":[],"categories":[2,3],"tags":[],"_links":{"self":[{"href":"https:\/\/dgospel.com.br\/portal\/index.php\/wp-json\/wp\/v2\/posts\/1130"}],"collection":[{"href":"https:\/\/dgospel.com.br\/portal\/index.php\/wp-json\/wp\/v2\/posts"}],"about":[{"href":"https:\/\/dgospel.com.br\/portal\/index.php\/wp-json\/wp\/v2\/types\/post"}],"author":[{"embeddable":true,"href":"https:\/\/dgospel.com.br\/portal\/index.php\/wp-json\/wp\/v2\/users\/2"}],"replies":[{"embeddable":true,"href":"https:\/\/dgospel.com.br\/portal\/index.php\/wp-json\/wp\/v2\/comments?post=1130"}],"version-history":[{"count":1,"href":"https:\/\/dgospel.com.br\/portal\/index.php\/wp-json\/wp\/v2\/posts\/1130\/revisions"}],"predecessor-version":[{"id":1132,"href":"https:\/\/dgospel.com.br\/portal\/index.php\/wp-json\/wp\/v2\/posts\/1130\/revisions\/1132"}],"wp:featuredmedia":[{"embeddable":true,"href":"https:\/\/dgospel.com.br\/portal\/index.php\/wp-json\/wp\/v2\/media\/1131"}],"wp:attachment":[{"href":"https:\/\/dgospel.com.br\/portal\/index.php\/wp-json\/wp\/v2\/media?parent=1130"}],"wp:term":[{"taxonomy":"category","embeddable":true,"href":"https:\/\/dgospel.com.br\/portal\/index.php\/wp-json\/wp\/v2\/categories?post=1130"},{"taxonomy":"post_tag","embeddable":true,"href":"https:\/\/dgospel.com.br\/portal\/index.php\/wp-json\/wp\/v2\/tags?post=1130"}],"curies":[{"name":"wp","href":"https:\/\/api.w.org\/{rel}","templated":true}]}}