{"id":11304,"date":"2022-05-23T22:12:35","date_gmt":"2022-05-24T01:12:35","guid":{"rendered":"http:\/\/dgospel.com.br\/portal\/?p=11304"},"modified":"2022-05-23T22:19:32","modified_gmt":"2022-05-24T01:19:32","slug":"missionaria-rebate-o-feminismo-e-diz-que-mulheres-tiveram-a-identidade-adulterada","status":"publish","type":"post","link":"https:\/\/dgospel.com.br\/portal\/index.php\/2022\/05\/23\/missionaria-rebate-o-feminismo-e-diz-que-mulheres-tiveram-a-identidade-adulterada\/","title":{"rendered":"MP Eleitoral rejeita a\u00e7\u00e3o do PT contra l\u00edder da Assembleia de Deus"},"content":{"rendered":"\n<p>Ap\u00f3s o presidente Jair Bolsonaro comparecer \u00e0 um culto na&nbsp;<a href=\"https:\/\/www.cpadnews.com.br\/presidente-bolsonaro-participa-de-culto-no-2o-dia-da-45o-ago-da-cgadb-em-cuiaba\/\" target=\"_blank\" rel=\"noreferrer noopener\">45\u00aa Assembleia Geral Ordin\u00e1ria (AGO) da Conven\u00e7\u00e3o Geral dos Ministros das Igrejas Evang\u00e9licas Assembleias de Deus do Brasil (CGADB)<\/a>, no dia 19 de abril, o Partido dos Trabalhadores (PT) apresentou uma denuncia \u00e0 justi\u00e7a eleitoral, considerando a presen\u00e7a no evento uma propaganda eleitoral antecipada .<\/p>\n\n\n\n<p>Na a\u00e7\u00e3o movida pelo partido do ex-presidente Lula, al\u00e9m do presidente Bolsonaro, o pastor Jos\u00e9 Wellington Bezerra da Costa, presidente da CGADB, e o deputado federal S\u00f3stenes Cavalcante, presidente da Frente Parlamentar Evang\u00e9lica, tamb\u00e9m foram acionados na justi\u00e7a.<\/p>\n\n\n\n<p>No entanto, nesta quarta-feira (18), o Minist\u00e9rio P\u00fablico Eleitoral emitiu um parecer pela improced\u00eancia do pedido de representa\u00e7\u00e3o por propaganda eleitoral antecipada em raz\u00e3o da presen\u00e7a de Bolsonaro nos eventos: \u201cmotociata\u201d, \u201cLan\u00e7amento da Marcha para Jesus\u201d da capital mato-grossense e do culto da CGADB.<br>Segundo o MP Eleitoral, as manifesta\u00e7\u00f5es mencionadas n\u00e3o se ajustam ao conceito de \u201cpedido expl\u00edcito de voto\u201d cogitado no art. 36-A da Lei das Elei\u00e7\u00f5es.<\/p>\n\n\n\n<p>Para o Vice-Procurador-Geral Eleitoral, Paulo Gustavo Gonet Branco, \u201corganizar recep\u00e7\u00e3o para o Presidente da Rep\u00fablica em evento promovido por denomina\u00e7\u00e3o religiosa n\u00e3o traduz, em si, conduta relevante eleitoralmente\u201d.<\/p>\n\n\n\n<p>\u201cPor fim, n\u00e3o h\u00e1 elemento nos autos para se anuir \u00e0 cr\u00edtica dos representados de abuso do direito de litigar, pela reitera\u00e7\u00e3o de demandas absolutamente infundadas; ao menos esta a\u00e7\u00e3o formula argumentos sustent\u00e1veis, mesmo que o parecer com eles n\u00e3o concorde. O parecer \u00e9 pela improced\u00eancia do pedido\u201d, conclui Branco.<\/p>\n\n\n\n<p><a rel=\"noreferrer noopener\" href=\"https:\/\/www.cpadnews.com.br\/wp-content\/uploads\/2022\/05\/Parecer-MP-Eleitoral.pdf\" target=\"_blank\">Leia aqui<\/a>\u00a0o\u00a0<a rel=\"noreferrer noopener\" href=\"https:\/\/www.cpadnews.com.br\/wp-content\/uploads\/2022\/05\/Parecer-MP-Eleitoral.pdf\" target=\"_blank\">Parecer do Minist\u00e9rio P\u00fablico Eleitoral<\/a>, na \u00edntegra.<\/p>\n\n\n\n<p>\u00a0Post Views:\u00a0717 <\/p>\n\n\n\n<p><\/p>\n","protected":false},"excerpt":{"rendered":"<p>Ap\u00f3s o presidente Jair Bolsonaro comparecer \u00e0 um culto na&nbsp;45\u00aa Assembleia Geral Ordin\u00e1ria (AGO) da Conven\u00e7\u00e3o Geral dos Ministros das Igrejas Evang\u00e9licas Assembleias de Deus do Brasil (CGADB), no dia 19 de abril, o Partido dos Trabalhadores (PT) apresentou uma denuncia \u00e0 justi\u00e7a eleitoral, considerando a presen\u00e7a no evento uma propaganda eleitoral antecipada . Na [&hellip;]<\/p>\n","protected":false},"author":2,"featured_media":11309,"comment_status":"open","ping_status":"open","sticky":false,"template":"","format":"standard","meta":[],"categories":[5],"tags":[],"_links":{"self":[{"href":"https:\/\/dgospel.com.br\/portal\/index.php\/wp-json\/wp\/v2\/posts\/11304"}],"collection":[{"href":"https:\/\/dgospel.com.br\/portal\/index.php\/wp-json\/wp\/v2\/posts"}],"about":[{"href":"https:\/\/dgospel.com.br\/portal\/index.php\/wp-json\/wp\/v2\/types\/post"}],"author":[{"embeddable":true,"href":"https:\/\/dgospel.com.br\/portal\/index.php\/wp-json\/wp\/v2\/users\/2"}],"replies":[{"embeddable":true,"href":"https:\/\/dgospel.com.br\/portal\/index.php\/wp-json\/wp\/v2\/comments?post=11304"}],"version-history":[{"count":2,"href":"https:\/\/dgospel.com.br\/portal\/index.php\/wp-json\/wp\/v2\/posts\/11304\/revisions"}],"predecessor-version":[{"id":11308,"href":"https:\/\/dgospel.com.br\/portal\/index.php\/wp-json\/wp\/v2\/posts\/11304\/revisions\/11308"}],"wp:featuredmedia":[{"embeddable":true,"href":"https:\/\/dgospel.com.br\/portal\/index.php\/wp-json\/wp\/v2\/media\/11309"}],"wp:attachment":[{"href":"https:\/\/dgospel.com.br\/portal\/index.php\/wp-json\/wp\/v2\/media?parent=11304"}],"wp:term":[{"taxonomy":"category","embeddable":true,"href":"https:\/\/dgospel.com.br\/portal\/index.php\/wp-json\/wp\/v2\/categories?post=11304"},{"taxonomy":"post_tag","embeddable":true,"href":"https:\/\/dgospel.com.br\/portal\/index.php\/wp-json\/wp\/v2\/tags?post=11304"}],"curies":[{"name":"wp","href":"https:\/\/api.w.org\/{rel}","templated":true}]}}