{"id":11314,"date":"2022-05-24T14:37:48","date_gmt":"2022-05-24T17:37:48","guid":{"rendered":"http:\/\/dgospel.com.br\/portal\/?p=11314"},"modified":"2022-05-24T14:37:49","modified_gmt":"2022-05-24T17:37:49","slug":"deputado-eli-borges-lamento-profundamente-o-falecimento-do-pastor-sebastiao-andrade","status":"publish","type":"post","link":"https:\/\/dgospel.com.br\/portal\/index.php\/2022\/05\/24\/deputado-eli-borges-lamento-profundamente-o-falecimento-do-pastor-sebastiao-andrade\/","title":{"rendered":"Deputado Eli Borges lamento profundamente o falecimento do Pastor Sebasti\u00e3o Andrade"},"content":{"rendered":"\n<p>O deputado\nfederal Eli Borges, lamenta\nprofundamente o falecimento do Pastor Sebasti\u00e3o Andrade. O l\u00edder religioso faleceu nesta ter\u00e7a-feira, 24 de maio, em\nPalmas.<\/p>\n\n\n\n<p>\u201cEste nobre homem de Deus combateu o\nbom combate e encerrou a carreira. Deixou seu nome nos anais da hist\u00f3ria e o\nseu legado se estende a toda eternidade\u201d, diz o parlamentar.<br>\n<br>\nEli Borges diz que Pastor Sebasti\u00e3o Andrade fez um trabalho\nde excel\u00eancia perante a CIADSETA, um dos pioneiros desta honrada conven\u00e7\u00e3o. &nbsp;Diz tamb\u00e9m que sua hist\u00f3ria se confunde com a\ntrajet\u00f3ria da igreja e da cidade de Porto Nacional.<br>\n<br>\n\u201cMeus mais sinceros sentimentos aos familiares, amigos e ovelhas que\nconsternados, se despedem desse honrado homem de Deus\u201d, diz o deputado<\/p>\n\n\n\n<p>Confira a nota<\/p>\n\n\n\n<p><\/p>\n\n\n\n<figure class=\"wp-block-image\"><img loading=\"lazy\" width=\"1024\" height=\"1024\" src=\"http:\/\/dgospel.com.br\/portal\/wp-content\/uploads\/2022\/05\/000000000000000000000000000000000000000-1-1024x1024.jpg\" alt=\"\" class=\"wp-image-11316\" srcset=\"https:\/\/dgospel.com.br\/portal\/wp-content\/uploads\/2022\/05\/000000000000000000000000000000000000000-1-1024x1024.jpg 1024w, https:\/\/dgospel.com.br\/portal\/wp-content\/uploads\/2022\/05\/000000000000000000000000000000000000000-1-150x150.jpg 150w, https:\/\/dgospel.com.br\/portal\/wp-content\/uploads\/2022\/05\/000000000000000000000000000000000000000-1-300x300.jpg 300w, https:\/\/dgospel.com.br\/portal\/wp-content\/uploads\/2022\/05\/000000000000000000000000000000000000000-1-768x768.jpg 768w, https:\/\/dgospel.com.br\/portal\/wp-content\/uploads\/2022\/05\/000000000000000000000000000000000000000-1.jpg 1080w\" sizes=\"(max-width: 1024px) 100vw, 1024px\" \/><\/figure>\n\n\n\n<p><em>Este nobre homem de Deus combateu o bom combate\ne encerrou a carreira. Deixou seu nome nos anais da hist\u00f3ria e o seu legado se\nestende a toda eternidade.<\/em><em><br>\n<br>\nFez um trabalho de excel\u00eancia perante a CIADSETA,\num dos pioneiros desta honrada conven\u00e7\u00e3o. Sua hist\u00f3ria se confunde com a\ntrajet\u00f3ria da igreja e da cidade de Porto Nacional.<br>\n<br>\nMeus mais sinceros sentimentos aos familiares,\namigos e ovelhas que consternados, se despedem desse honrado homem de Deu<\/em><\/p>\n\n\n\n<p><em>Eli Borges<\/em><\/p>\n\n\n\n<p><em>Deputado Federal <\/em><em><\/em><\/p>\n","protected":false},"excerpt":{"rendered":"<p>O deputado federal Eli Borges, lamenta profundamente o falecimento do Pastor Sebasti\u00e3o Andrade. O l\u00edder religioso faleceu nesta ter\u00e7a-feira, 24 de maio, em Palmas. \u201cEste nobre homem de Deus combateu o bom combate e encerrou a carreira. Deixou seu nome nos anais da hist\u00f3ria e o seu legado se estende a toda eternidade\u201d, diz o [&hellip;]<\/p>\n","protected":false},"author":2,"featured_media":11315,"comment_status":"open","ping_status":"open","sticky":false,"template":"","format":"standard","meta":[],"categories":[5],"tags":[],"_links":{"self":[{"href":"https:\/\/dgospel.com.br\/portal\/index.php\/wp-json\/wp\/v2\/posts\/11314"}],"collection":[{"href":"https:\/\/dgospel.com.br\/portal\/index.php\/wp-json\/wp\/v2\/posts"}],"about":[{"href":"https:\/\/dgospel.com.br\/portal\/index.php\/wp-json\/wp\/v2\/types\/post"}],"author":[{"embeddable":true,"href":"https:\/\/dgospel.com.br\/portal\/index.php\/wp-json\/wp\/v2\/users\/2"}],"replies":[{"embeddable":true,"href":"https:\/\/dgospel.com.br\/portal\/index.php\/wp-json\/wp\/v2\/comments?post=11314"}],"version-history":[{"count":1,"href":"https:\/\/dgospel.com.br\/portal\/index.php\/wp-json\/wp\/v2\/posts\/11314\/revisions"}],"predecessor-version":[{"id":11317,"href":"https:\/\/dgospel.com.br\/portal\/index.php\/wp-json\/wp\/v2\/posts\/11314\/revisions\/11317"}],"wp:featuredmedia":[{"embeddable":true,"href":"https:\/\/dgospel.com.br\/portal\/index.php\/wp-json\/wp\/v2\/media\/11315"}],"wp:attachment":[{"href":"https:\/\/dgospel.com.br\/portal\/index.php\/wp-json\/wp\/v2\/media?parent=11314"}],"wp:term":[{"taxonomy":"category","embeddable":true,"href":"https:\/\/dgospel.com.br\/portal\/index.php\/wp-json\/wp\/v2\/categories?post=11314"},{"taxonomy":"post_tag","embeddable":true,"href":"https:\/\/dgospel.com.br\/portal\/index.php\/wp-json\/wp\/v2\/tags?post=11314"}],"curies":[{"name":"wp","href":"https:\/\/api.w.org\/{rel}","templated":true}]}}