{"id":11319,"date":"2022-05-24T14:58:15","date_gmt":"2022-05-24T17:58:15","guid":{"rendered":"http:\/\/dgospel.com.br\/portal\/?p=11319"},"modified":"2022-05-26T15:24:04","modified_gmt":"2022-05-26T18:24:04","slug":"vereador-rubens-uchoa-emite-nota-de-pesar-pelo-falecimento-do-pr-sebastiao-andrade","status":"publish","type":"post","link":"https:\/\/dgospel.com.br\/portal\/index.php\/2022\/05\/24\/vereador-rubens-uchoa-emite-nota-de-pesar-pelo-falecimento-do-pr-sebastiao-andrade\/","title":{"rendered":"Vereador Rubens Uch\u00f4a emite nota de pesar pelo falecimento do Pr. Sebasti\u00e3o Andrade"},"content":{"rendered":"\n<p>O vice-presidente da C\u00e2mara Municipal de Palmas, Vereador Rubens\nUch\u00f4a, emitiu nota de pesar pelo falecimento do pastor Sebasti\u00e3o Andrade,\nocorrido nesta ter\u00e7a-feira, 24 de maio, em Palmas.<\/p>\n\n\n\n<p>O parlamentar disse que teve o privil\u00e9gio de conviver, e ser pastoreado\npor 8 anos pelo Pastor Sebasti\u00e3o Andrade. Uch\u00f4a explica na nota que o Pastor\nSebasti\u00e3o Andrade, era um homem \u00edntegro, simples, humilde, s\u00e1bio e honrado. E\nque o mesmo presidiu v\u00e1rios campos da Assembleia de Deus CIADSETA, foi\npresidente da CIADSETA, e atualmente era pastor de honra da Assembleia de Deus\nem Porto Nacional.<\/p>\n\n\n\n<p>\u201cPastor Sebasti\u00e3o Andrade deixa um grande legado na obra do Senhor,\nexemplo de um verdadeiro homem de Deus, que dedicou sua vida \u00e0 Obra do Senhor.\nAgora fica na nossa lembran\u00e7a a sua grande intelig\u00eancia, a sua simplicidade, a\nsua humildade e a sua sensatez\u201d, disse o vereador.<\/p>\n\n\n\n<p>Uch\u00f4a conclui a nota dizendo: \u201cMeus sinceros sentimentos de pesar a toda\nfam\u00edlia do nosso querido pastor Sebasti\u00e3o Andrade, a toda a igreja em Porto\nNacional, bem como a toda a fam\u00edlia CIADSETA. Rogamos a Deus que venha consolar\na todos nesse momento de dor\u201d<\/p>\n\n\n\n<p><strong>Confira a nota<\/strong><\/p>\n\n\n\n<p><strong><em>Combateu o bom combate, acabou a carreira, mas guardou a f\u00e9 (2 Tim\u00f3teo\n4:7).<\/em><\/strong><strong><\/strong><\/p>\n\n\n\n<p><em>Com esse vers\u00edculo, venho por meio\ndesta, manifestar profunda consterna\u00e7\u00e3o e pesar pelo falecimento&nbsp;do\nquerido pastor Sebasti\u00e3o Andrade, ocorrido nesta ter\u00e7a-feira, 24 de maio, em\nPalmas.<\/em><\/p>\n\n\n\n<p><em>&nbsp;<br>\nPastor Sebasti\u00e3o Andrade, homem \u00edntegro, simples, humilde, s\u00e1bio e honrado.\nPresidiu v\u00e1rios campos da Assembleia de Deus CIADSETA, foi presidente da\nCIADSETA, e atualmente era pastor de honra da Assembleia de Deus em Porto\nNacional. Tive o privil\u00e9gio de conviver com esse homem de Deus, e ser\npastoreado por 8 anos por ele<\/em><\/p>\n\n\n\n<p><em>Pastor Sebasti\u00e3o Andrade deixa um\ngrande legado na obra do Senhor, exemplo de um verdadeiro homem de Deus, que\ndedicou sua vida \u00e0 Obra do Senhor. Agora&nbsp;fica na nossa lembran\u00e7a a sua\ngrande intelig\u00eancia, a sua simplicidade, a sua humildade e a sua sensatez<\/em><\/p>\n\n\n\n<p><em>Meus sinceros sentimentos de pesar a\ntoda fam\u00edlia do nosso querido pastor Sebasti\u00e3o Andrade, a toda a igreja em\nPorto Nacional, bem como a toda a fam\u00edlia CIADSETA. Rogamos a Deus que venha\nconsolar a todos nesse momento de dor.<\/em><\/p>\n\n\n\n<p><em>Vereador Rubens Uch\u00f4a<\/em><\/p>\n\n\n\n<p><em>Vice-presidente da C\u00e2mara Municipal de\nPalmas<\/em><\/p>\n","protected":false},"excerpt":{"rendered":"<p>O vice-presidente da C\u00e2mara Municipal de Palmas, Vereador Rubens Uch\u00f4a, emitiu nota de pesar pelo falecimento do pastor Sebasti\u00e3o Andrade, ocorrido nesta ter\u00e7a-feira, 24 de maio, em Palmas. O parlamentar disse que teve o privil\u00e9gio de conviver, e ser pastoreado por 8 anos pelo Pastor Sebasti\u00e3o Andrade. Uch\u00f4a explica na nota que o Pastor Sebasti\u00e3o [&hellip;]<\/p>\n","protected":false},"author":2,"featured_media":11320,"comment_status":"open","ping_status":"open","sticky":false,"template":"","format":"standard","meta":[],"categories":[8,5],"tags":[],"_links":{"self":[{"href":"https:\/\/dgospel.com.br\/portal\/index.php\/wp-json\/wp\/v2\/posts\/11319"}],"collection":[{"href":"https:\/\/dgospel.com.br\/portal\/index.php\/wp-json\/wp\/v2\/posts"}],"about":[{"href":"https:\/\/dgospel.com.br\/portal\/index.php\/wp-json\/wp\/v2\/types\/post"}],"author":[{"embeddable":true,"href":"https:\/\/dgospel.com.br\/portal\/index.php\/wp-json\/wp\/v2\/users\/2"}],"replies":[{"embeddable":true,"href":"https:\/\/dgospel.com.br\/portal\/index.php\/wp-json\/wp\/v2\/comments?post=11319"}],"version-history":[{"count":1,"href":"https:\/\/dgospel.com.br\/portal\/index.php\/wp-json\/wp\/v2\/posts\/11319\/revisions"}],"predecessor-version":[{"id":11321,"href":"https:\/\/dgospel.com.br\/portal\/index.php\/wp-json\/wp\/v2\/posts\/11319\/revisions\/11321"}],"wp:featuredmedia":[{"embeddable":true,"href":"https:\/\/dgospel.com.br\/portal\/index.php\/wp-json\/wp\/v2\/media\/11320"}],"wp:attachment":[{"href":"https:\/\/dgospel.com.br\/portal\/index.php\/wp-json\/wp\/v2\/media?parent=11319"}],"wp:term":[{"taxonomy":"category","embeddable":true,"href":"https:\/\/dgospel.com.br\/portal\/index.php\/wp-json\/wp\/v2\/categories?post=11319"},{"taxonomy":"post_tag","embeddable":true,"href":"https:\/\/dgospel.com.br\/portal\/index.php\/wp-json\/wp\/v2\/tags?post=11319"}],"curies":[{"name":"wp","href":"https:\/\/api.w.org\/{rel}","templated":true}]}}