{"id":11328,"date":"2022-05-26T15:47:12","date_gmt":"2022-05-26T18:47:12","guid":{"rendered":"http:\/\/dgospel.com.br\/portal\/?p=11328"},"modified":"2022-05-26T15:47:12","modified_gmt":"2022-05-26T18:47:12","slug":"regularizacao-fundiaria-do-governo-do-tocantins-beneficia-mais-490-familias-na-regiao-sul-de-palmas","status":"publish","type":"post","link":"https:\/\/dgospel.com.br\/portal\/index.php\/2022\/05\/26\/regularizacao-fundiaria-do-governo-do-tocantins-beneficia-mais-490-familias-na-regiao-sul-de-palmas\/","title":{"rendered":"Regulariza\u00e7\u00e3o fundi\u00e1ria do Governo do Tocantins beneficia mais 490 fam\u00edlias na regi\u00e3o sul de Palmas"},"content":{"rendered":"\n<p>A pol\u00edtica de regulariza\u00e7\u00e3o fundi\u00e1ria do Governo do Tocantins chegou tamb\u00e9m aos moradores da regi\u00e3o sul da Capital. Na noite dessa quarta-feira, 25, a Gest\u00e3o Estadual promoveu a entrega de cerca de 500 t\u00edtulos definitivos de propriedade urbanos aos moradores dos Jardins Aurenys I, II, III e IV, na regi\u00e3o sul da Capital, e das Arses 112, 122 e 132. A solenidade foi realizada na Feira Coberta do Jardim Aureny I.<br><br>A iniciativa faz parte da pol\u00edtica fundi\u00e1ria concebida pela atual gest\u00e3o, que visa identificar os n\u00facleos urbanos informais com o principal objetivo de desburocratizar o processo de regulariza\u00e7\u00e3o, criando celeridade nos atos administrativos e, consequentemente, a titula\u00e7\u00e3o e registro, que legitima a posse dos im\u00f3veis.<\/p>\n\n\n\n<p>A a\u00e7\u00e3o do Governo do Tocantins, por meio da Companhia Imobili\u00e1ria de Participa\u00e7\u00f5es, Investimentos e Parcerias (Tocantins Parcerias), visa garantir o direito \u00e0 moradia das fam\u00edlias menos favorecidas que habitam \u00e1reas ainda n\u00e3o regularizadas em todo o Estado. O Governo entende que por meio da a\u00e7\u00e3o de legaliza\u00e7\u00e3o da posse dessas moradias promove cidadania, possibilita a melhoria das habita\u00e7\u00f5es e qualidade de vida aos moradores.<br><br>\u201cO documento da nossa casa \u00e9 que d\u00e1 mais seguran\u00e7a jur\u00eddica e dignidade, e o Governo do Tocantins vai continuar a oferecer \u00e0 popula\u00e7\u00e3o servi\u00e7os de qualidade. De posse do documento as pessoas podem contrair empr\u00e9stimos e realizar melhorias, isso movimenta a economia do lugar. Eu estou muito feliz em poder proporcionar isso a cada fam\u00edlia\u201d, ressaltou o governador Wanderlei Barbosa.&nbsp;<br><br><strong>Seguran\u00e7a e gratid\u00e3o<\/strong><\/p>\n\n\n\n<p>Para o trabalhador rural Arnaldo Coelho da Silva, de 62 anos, que esperava a oportunidade de ter o t\u00edtulo do seu im\u00f3vel h\u00e1 21 anos, o sentimento \u00e9 de satisfa\u00e7\u00e3o. &#8220;Passei por muitas dificuldades, mas agora deu certo, \u00e9 maravilhoso, porque agora posso fazer algumas melhorias na casa e at\u00e9 fazer um empr\u00e9stimo. Ent\u00e3o o sentimento \u00e9 de felicidade, gratid\u00e3o e seguran\u00e7a&#8221;.<\/p>\n\n\n\n<p>O mesmo sentimento foi compartilhado pela dona de casa Maria Pinto da Silva, de 62 anos, m\u00e3e de cinco filhos. Ela mora no im\u00f3vel desde 1998 e durante esse per\u00edodo afirmou que foram muitas as promessas de regulariza\u00e7\u00e3o, mas s\u00f3 agora isso se tornou realidade. &#8220;O sentimento \u00e9 de felicidade e seguran\u00e7a, porque agora posso dizer que a casa \u00e9 minha, porque o documento agora est\u00e1 em meu nome, ningu\u00e9m toma&#8221;, comemorou a dona de casa.&nbsp;<\/p>\n\n\n\n<p>Jacira Costa Rodrigues, de 59 anos, tamb\u00e9m demonstrou o mesmo sentimento e afirmou que pelas suas condi\u00e7\u00f5es financeiras dificilmente poderia conseguir a escritura do seu im\u00f3vel. \u201cEstou feliz, porque n\u00e3o tinha condi\u00e7\u00f5es de pagar pelo documento, que esperava desde 1997. Criei meus filhos no mesmo local e agora com a gra\u00e7a de Deus e para alegria da minha fam\u00edlia esse Governo nos concedeu esse documento\u201d.<\/p>\n\n\n\n<p>O presidente da Companhia Imobili\u00e1ria de Participa\u00e7\u00f5es, Investimentos e Parcerias, Aleandro Lacerda, destacou que a Tocantins Parcerias tem essa fun\u00e7\u00e3o estatut\u00e1ria de regulariza\u00e7\u00e3o fundi\u00e1ria e o governador Wanderlei Barbosa foi muito feliz em buscar parcerias com o Tribunal de Justi\u00e7a para ampliar as a\u00e7\u00f5es em todo o Estado. \u201cS\u00e3o fam\u00edlias que possuem sua casa, tem o documento e o que estamos fazendo aqui \u00e9 convalidar e registrar. N\u00e3o adianta o documento sem o registro. Ent\u00e3o essa parceria de forma gratuita est\u00e1 sendo realizada em todo o Tocantins e aqui em Palmas j\u00e1 s\u00e3o mais de 3,5 mil t\u00edtulos emitidos na gest\u00e3o do governador Wanderlei Barbosa\u201d, destacou o Presidente.<\/p>\n\n\n\n<p><strong>Presen\u00e7as<\/strong><\/p>\n\n\n\n<p>O evento contou com a presen\u00e7a de deputados federais, estaduais, vereadores, representantes da Prefeitura de Palmas, secret\u00e1rios de Estado e outros auxiliares do Governo.<\/p>\n","protected":false},"excerpt":{"rendered":"<p>A pol\u00edtica de regulariza\u00e7\u00e3o fundi\u00e1ria do Governo do Tocantins chegou tamb\u00e9m aos moradores da regi\u00e3o sul da Capital. Na noite dessa quarta-feira, 25, a Gest\u00e3o Estadual promoveu a entrega de cerca de 500 t\u00edtulos definitivos de propriedade urbanos aos moradores dos Jardins Aurenys I, II, III e IV, na regi\u00e3o sul da Capital, e das [&hellip;]<\/p>\n","protected":false},"author":2,"featured_media":11329,"comment_status":"open","ping_status":"open","sticky":false,"template":"","format":"standard","meta":[],"categories":[3],"tags":[13],"_links":{"self":[{"href":"https:\/\/dgospel.com.br\/portal\/index.php\/wp-json\/wp\/v2\/posts\/11328"}],"collection":[{"href":"https:\/\/dgospel.com.br\/portal\/index.php\/wp-json\/wp\/v2\/posts"}],"about":[{"href":"https:\/\/dgospel.com.br\/portal\/index.php\/wp-json\/wp\/v2\/types\/post"}],"author":[{"embeddable":true,"href":"https:\/\/dgospel.com.br\/portal\/index.php\/wp-json\/wp\/v2\/users\/2"}],"replies":[{"embeddable":true,"href":"https:\/\/dgospel.com.br\/portal\/index.php\/wp-json\/wp\/v2\/comments?post=11328"}],"version-history":[{"count":1,"href":"https:\/\/dgospel.com.br\/portal\/index.php\/wp-json\/wp\/v2\/posts\/11328\/revisions"}],"predecessor-version":[{"id":11330,"href":"https:\/\/dgospel.com.br\/portal\/index.php\/wp-json\/wp\/v2\/posts\/11328\/revisions\/11330"}],"wp:featuredmedia":[{"embeddable":true,"href":"https:\/\/dgospel.com.br\/portal\/index.php\/wp-json\/wp\/v2\/media\/11329"}],"wp:attachment":[{"href":"https:\/\/dgospel.com.br\/portal\/index.php\/wp-json\/wp\/v2\/media?parent=11328"}],"wp:term":[{"taxonomy":"category","embeddable":true,"href":"https:\/\/dgospel.com.br\/portal\/index.php\/wp-json\/wp\/v2\/categories?post=11328"},{"taxonomy":"post_tag","embeddable":true,"href":"https:\/\/dgospel.com.br\/portal\/index.php\/wp-json\/wp\/v2\/tags?post=11328"}],"curies":[{"name":"wp","href":"https:\/\/api.w.org\/{rel}","templated":true}]}}