{"id":1133,"date":"2018-08-29T09:43:19","date_gmt":"2018-08-29T12:43:19","guid":{"rendered":"http:\/\/dgospel.com.br\/portal\/?p=1133"},"modified":"2018-08-29T09:43:19","modified_gmt":"2018-08-29T12:43:19","slug":"vereador-junior-geo-cobra-solucao-para-problemas-causados-pelo-ex-prefeito-amastha-durante-a-greve-dos-professores","status":"publish","type":"post","link":"https:\/\/dgospel.com.br\/portal\/index.php\/2018\/08\/29\/vereador-junior-geo-cobra-solucao-para-problemas-causados-pelo-ex-prefeito-amastha-durante-a-greve-dos-professores\/","title":{"rendered":"Vereador J\u00fanior Geo cobra solu\u00e7\u00e3o para problemas causados pelo ex-prefeito Amastha durante a greve dos professores"},"content":{"rendered":"<p>Na manh\u00e3 desta ter\u00e7a-feira, 18, o vereador professor J\u00fanior Geo voltou a cobrar do Executivo uma solu\u00e7\u00e3o para as demandas dos servidores da educa\u00e7\u00e3o do munic\u00edpio. Segundo os professores, os transtornos causados pela gest\u00e3o do ex-prefeito Amastha, em virtude da greve da categoria em setembro de 2017 precisam ser sanados.<\/p>\n<p>Na ocasi\u00e3o, Geo destacou que devido \u00e0 falta de gest\u00e3o, os problemas relacionados a educa\u00e7\u00e3o n\u00e3o s\u00e3o resolvidos. \u201cH\u00e1 progress\u00f5es ainda em atraso n\u00e3o somente da educa\u00e7\u00e3o, mas de todos os servidores do munic\u00edpio. Al\u00e9m das aulas que foram repostas e n\u00e3o foram pagas. N\u00e3o somente n\u00e3o foram pagas como n\u00e3o abonou a aus\u00eancia desses servidores\u201d, disse.<\/p>\n<p>O vereador tamb\u00e9m pontuou sobre a import\u00e2ncia da educa\u00e7\u00e3o para escolha do voto consciente. \u201cA educa\u00e7\u00e3o tem que ser valorizada, e \u00e9 exatamente essa aus\u00eancia de valoriza\u00e7\u00e3o que gera o tipo de pol\u00edtica que se tem hoje. Alguns sem compromisso com a sociedade. A educa\u00e7\u00e3o \u00e9 fundamental para a escolha dos representantes\u201d, afirmou.<\/p>\n<p>Por fim, o vereador reafirmou sua solicita\u00e7\u00e3o \u00e0 gest\u00e3o municipal para o cumprimento dos direitos dos servidores da educa\u00e7\u00e3o e o abono das faltas daqueles que cumpriram a reposi\u00e7\u00e3o de suas aulas.\u00a0\u201cEspero que o Executivo tenha o bom senso de promover a solu\u00e7\u00e3o para esse problema e busque a paz dentro da educa\u00e7\u00e3o por meio do di\u00e1logo com os servidores. S\u00f3 assim vamos reconhecer o governo com dignidade e respeito\u201d, finalizou.<\/p>\n<p>&nbsp;<\/p>\n","protected":false},"excerpt":{"rendered":"<p>Na manh\u00e3 desta ter\u00e7a-feira, 18, o vereador professor J\u00fanior Geo voltou a cobrar do Executivo uma solu\u00e7\u00e3o para as demandas dos servidores da educa\u00e7\u00e3o do munic\u00edpio. Segundo os professores, os transtornos causados pela gest\u00e3o do ex-prefeito Amastha, em virtude da greve da categoria em setembro de 2017 precisam ser sanados. Na ocasi\u00e3o, Geo destacou que [&hellip;]<\/p>\n","protected":false},"author":2,"featured_media":1134,"comment_status":"open","ping_status":"open","sticky":false,"template":"","format":"standard","meta":[],"categories":[8],"tags":[],"_links":{"self":[{"href":"https:\/\/dgospel.com.br\/portal\/index.php\/wp-json\/wp\/v2\/posts\/1133"}],"collection":[{"href":"https:\/\/dgospel.com.br\/portal\/index.php\/wp-json\/wp\/v2\/posts"}],"about":[{"href":"https:\/\/dgospel.com.br\/portal\/index.php\/wp-json\/wp\/v2\/types\/post"}],"author":[{"embeddable":true,"href":"https:\/\/dgospel.com.br\/portal\/index.php\/wp-json\/wp\/v2\/users\/2"}],"replies":[{"embeddable":true,"href":"https:\/\/dgospel.com.br\/portal\/index.php\/wp-json\/wp\/v2\/comments?post=1133"}],"version-history":[{"count":1,"href":"https:\/\/dgospel.com.br\/portal\/index.php\/wp-json\/wp\/v2\/posts\/1133\/revisions"}],"predecessor-version":[{"id":1135,"href":"https:\/\/dgospel.com.br\/portal\/index.php\/wp-json\/wp\/v2\/posts\/1133\/revisions\/1135"}],"wp:featuredmedia":[{"embeddable":true,"href":"https:\/\/dgospel.com.br\/portal\/index.php\/wp-json\/wp\/v2\/media\/1134"}],"wp:attachment":[{"href":"https:\/\/dgospel.com.br\/portal\/index.php\/wp-json\/wp\/v2\/media?parent=1133"}],"wp:term":[{"taxonomy":"category","embeddable":true,"href":"https:\/\/dgospel.com.br\/portal\/index.php\/wp-json\/wp\/v2\/categories?post=1133"},{"taxonomy":"post_tag","embeddable":true,"href":"https:\/\/dgospel.com.br\/portal\/index.php\/wp-json\/wp\/v2\/tags?post=1133"}],"curies":[{"name":"wp","href":"https:\/\/api.w.org\/{rel}","templated":true}]}}