{"id":11331,"date":"2022-05-26T15:52:49","date_gmt":"2022-05-26T18:52:49","guid":{"rendered":"http:\/\/dgospel.com.br\/portal\/?p=11331"},"modified":"2022-05-26T15:52:50","modified_gmt":"2022-05-26T18:52:50","slug":"governo-do-tocantins-e-aneel-discutem-potencialidades-energeticas-do-tocantins","status":"publish","type":"post","link":"https:\/\/dgospel.com.br\/portal\/index.php\/2022\/05\/26\/governo-do-tocantins-e-aneel-discutem-potencialidades-energeticas-do-tocantins\/","title":{"rendered":"Governo do Tocantins e Aneel discutem potencialidades energ\u00e9ticas do Tocantins"},"content":{"rendered":"\n<p>O Governo do Tocantins participou da reuni\u00e3o da Ag\u00eancia Nacional de Energia El\u00e9trica (Aneel) para tratar e discutir as potencialidades energ\u00e9ticas do Tocantins. Entre os assuntos da reuni\u00e3o, que ocorreu nesta quarta-feira, 25, em Bras\u00edlia (DF) estavam as outorgas das Pequenas Centrais Hidrel\u00e9tricas (PCHs) e a realiza\u00e7\u00e3o de um evento para o setor.<\/p>\n\n\n\n<p>\u201cO Tocantins tem um potencial energ\u00e9tico muito forte. Temos v\u00e1rias outorgas que est\u00e3o paradas e queremos movimentar esse potencial. Sa\u00edmos dessa reuni\u00e3o com a ideia de fazer um encontro com o setor para viabilizar, o mais r\u00e1pido poss\u00edvel, para que esses projetos saiam do papel e entrem em opera\u00e7\u00e3o no Estado\u201d, afirmou o governador Wanderlei Barbosa.<\/p>\n\n\n\n<p>Como resultado da reuni\u00e3o, o diretor de Rela\u00e7\u00f5es Institucionais da concession\u00e1ria Energisa, Alankardek Moreira, explicou que o di\u00e1logo com a Aneel foi positivo, j\u00e1 que a Ag\u00eancia pode ser parceira em destravar esses processos e auxiliar os eventos com o setor. \u201cNosso objetivo maior \u00e9 destacar o potencial do Estado que \u00e9 gerar energia por meio das PCHs e, ao mesmo tempo, desenvolver regi\u00f5es e aumentar a oferta de emprego, n\u00e3o s\u00f3 durante a implanta\u00e7\u00e3o do empreendimento, mas tamb\u00e9m durante a opera\u00e7\u00e3o\u201d, relatou.<\/p>\n\n\n\n<p>Durante a reuni\u00e3o, o futuro diretor-geral da Aneel, Sandoval Feitosa, sinalizou a possibilidade da realiza\u00e7\u00e3o de um evento com apoio da Aneel com empreendedores do setor energ\u00e9tico. \u201cPodemos fazer uma feira de empreendedorismo, um workshop, um evento, al\u00e9m de contribuir com palestras, apresentar as potencialidades e, com isso, desenvolver neg\u00f3cios no Tocantins\u201d, comentou.<\/p>\n\n\n\n<p>O presidente do Instituto Natureza do Tocantins (Naturatins), Renato Jayme, que tamb\u00e9m participou da reuni\u00e3o, destacou o potencial energ\u00e9tico do Tocantins e como o momento foi importante, principalmente, para os projetos e as pautas futuras. \u201c\u00c9 nossa responsabilidade criar um ambiente governamental para que esses projetos possam ter \u00eaxito e ser bem-sucedidos, gerando emprego e renda, al\u00e9m de garantir a preserva\u00e7\u00e3o do meio ambiente, utilizando adequadamente os nossos recursos naturais\u201d, declarou o presidente.<\/p>\n\n\n\n<p>Tamb\u00e9m participaram da reuni\u00e3o o titular da Secretaria Executiva da Governadoria, Jairo Mariano; e o secret\u00e1rio de Estado da Cultura e Turismo (Sectur), Hercy Filho.<\/p>\n\n\n\n<figure class=\"wp-block-image\"><img src=\"https:\/\/central.to.gov.br\/image\/293402?w=670&amp;h=383\" alt=\"\"\/><\/figure>\n\n\n\n<p>Reuni\u00e3o que ocorreu nesta quinta-feira, 25, em Bras\u00edlia &#8211; Comunica\u00e7\u00e3o Aneel\u00a0<\/p>\n\n\n\n<figure class=\"wp-block-image\"><img src=\"https:\/\/central.to.gov.br\/image\/293403?w=670&amp;h=383\" alt=\"\"\/><\/figure>\n\n\n\n<p>Governador Wanderlei Barbosa destacou que o Tocantins tem um potencial energ\u00e9tico muito forte &#8211; Comunica\u00e7\u00e3o Aneel&nbsp;\n\n<\/p>\n","protected":false},"excerpt":{"rendered":"<p>O Governo do Tocantins participou da reuni\u00e3o da Ag\u00eancia Nacional de Energia El\u00e9trica (Aneel) para tratar e discutir as potencialidades energ\u00e9ticas do Tocantins. Entre os assuntos da reuni\u00e3o, que ocorreu nesta quarta-feira, 25, em Bras\u00edlia (DF) estavam as outorgas das Pequenas Centrais Hidrel\u00e9tricas (PCHs) e a realiza\u00e7\u00e3o de um evento para o setor. \u201cO Tocantins [&hellip;]<\/p>\n","protected":false},"author":2,"featured_media":11332,"comment_status":"open","ping_status":"open","sticky":false,"template":"","format":"standard","meta":[],"categories":[3],"tags":[13],"_links":{"self":[{"href":"https:\/\/dgospel.com.br\/portal\/index.php\/wp-json\/wp\/v2\/posts\/11331"}],"collection":[{"href":"https:\/\/dgospel.com.br\/portal\/index.php\/wp-json\/wp\/v2\/posts"}],"about":[{"href":"https:\/\/dgospel.com.br\/portal\/index.php\/wp-json\/wp\/v2\/types\/post"}],"author":[{"embeddable":true,"href":"https:\/\/dgospel.com.br\/portal\/index.php\/wp-json\/wp\/v2\/users\/2"}],"replies":[{"embeddable":true,"href":"https:\/\/dgospel.com.br\/portal\/index.php\/wp-json\/wp\/v2\/comments?post=11331"}],"version-history":[{"count":1,"href":"https:\/\/dgospel.com.br\/portal\/index.php\/wp-json\/wp\/v2\/posts\/11331\/revisions"}],"predecessor-version":[{"id":11333,"href":"https:\/\/dgospel.com.br\/portal\/index.php\/wp-json\/wp\/v2\/posts\/11331\/revisions\/11333"}],"wp:featuredmedia":[{"embeddable":true,"href":"https:\/\/dgospel.com.br\/portal\/index.php\/wp-json\/wp\/v2\/media\/11332"}],"wp:attachment":[{"href":"https:\/\/dgospel.com.br\/portal\/index.php\/wp-json\/wp\/v2\/media?parent=11331"}],"wp:term":[{"taxonomy":"category","embeddable":true,"href":"https:\/\/dgospel.com.br\/portal\/index.php\/wp-json\/wp\/v2\/categories?post=11331"},{"taxonomy":"post_tag","embeddable":true,"href":"https:\/\/dgospel.com.br\/portal\/index.php\/wp-json\/wp\/v2\/tags?post=11331"}],"curies":[{"name":"wp","href":"https:\/\/api.w.org\/{rel}","templated":true}]}}