{"id":11334,"date":"2022-05-26T15:56:11","date_gmt":"2022-05-26T18:56:11","guid":{"rendered":"http:\/\/dgospel.com.br\/portal\/?p=11334"},"modified":"2022-05-26T15:56:12","modified_gmt":"2022-05-26T18:56:12","slug":"seguranca-e-ministerio-publico-alinham-procedimentos-institucionais","status":"publish","type":"post","link":"https:\/\/dgospel.com.br\/portal\/index.php\/2022\/05\/26\/seguranca-e-ministerio-publico-alinham-procedimentos-institucionais\/","title":{"rendered":"Seguran\u00e7a e Minist\u00e9rio P\u00fablico alinham procedimentos institucionais"},"content":{"rendered":"\n<p>O secret\u00e1rio de Estado da Seguran\u00e7a P\u00fablica do Tocantins (SSP), Wlademir Costa, recebeu nessa quarta-feira, 25, a visita do procurador-geral de Justi\u00e7a do Tocantins, Luciano Casaroti, para tratar de assuntos pertinentes \u00e0s \u00e1reas de atua\u00e7\u00e3o da Pol\u00edcia Civil e do Minist\u00e9rio P\u00fablico do Tocantins (MPE\/TO) e tra\u00e7ar a\u00e7\u00f5es institucionais de interesse comum em prol da sociedade. Na pauta, tamb\u00e9m foram abordadas quest\u00f5es sobre inqu\u00e9ritos policiais, al\u00e9m de outros procedimentos policiais e institucionais que visam oferecer ainda mais seguran\u00e7a \u00e0 popula\u00e7\u00e3o.<\/p>\n\n\n\n<p>Na avalia\u00e7\u00e3o do secret\u00e1rio da SSP, a reuni\u00e3o foi muito produtiva, pois estreitou os la\u00e7os entre a secretaria e o Minist\u00e9rio P\u00fablico. \u201cA vinda do procurador-geral \u00e0 Secretaria de Estado da Seguran\u00e7a P\u00fablica \u00e9 muito importante, pois trouxe as demandas e as necessidades que eles apontam diante das investiga\u00e7\u00f5es pela Pol\u00edcia Civil, especialmente nas delegacias do interior, e diante da problem\u00e1tica apresentada iremos buscar as solu\u00e7\u00f5es que se fizerem necess\u00e1rias\u201d, disse o gestor.<\/p>\n\n\n\n<p>Wlademir Costa tamb\u00e9m afirmou que a visita do procurador-geral de Justi\u00e7a enriquece a rela\u00e7\u00e3o da SSP e da Pol\u00edcia Civil com o Minist\u00e9rio P\u00fablico e com a Procuradoria-Geral de Justi\u00e7a, fazendo com que essa maior intera\u00e7\u00e3o resulte em benef\u00edcios. \u201cNo momento em que a Pol\u00edcia Civil e o Minist\u00e9rio P\u00fablico est\u00e3o conversando e buscando solu\u00e7\u00f5es conjuntas para algumas demandas espec\u00edficas, quem ganha \u00e9 a sociedade\u201d, ressaltou.<\/p>\n\n\n\n<p>Para o procurador-geral de Justi\u00e7a Luciano Casaroti, a visita foi satisfat\u00f3ria, visto que foram discutidas a\u00e7\u00f5es que tem por objetivo a melhoria nos servi\u00e7os investigat\u00f3rios. \u201cAlinhamos com a Secretaria de Estado da Seguran\u00e7a P\u00fablica para que tenhamos uma melhor comunica\u00e7\u00e3o, com o objetivo de que as investiga\u00e7\u00f5es policiais se desenvolvam da melhor maneira poss\u00edvel\u201d, disse o procurador-geral.<\/p>\n\n\n\n<p>Tamb\u00e9m presente ao encontro, o delegado-geral da Pol\u00edcia Civil do Tocantins, Claudemir Ferreira, classificou a visita como muito proveitosa. \u201cA visita institucional do procurador-geral de Justi\u00e7a Luciano Casaroti teve o intuito de alinhar tanto as a\u00e7\u00f5es da Pol\u00edcia Civil, quanto do Minist\u00e9rio P\u00fablico para que possamos dar mais efici\u00eancia e agilidade nos inqu\u00e9ritos policiais e, consequentemente, agilizar o procedimento de den\u00fancia do Minist\u00e9rio P\u00fablico e, desse modo, toda a persecu\u00e7\u00e3o penal\u201d, disse o chefe da Pol\u00edcia Civil.<\/p>\n\n\n\n<p><strong>Presen\u00e7as&nbsp;<\/strong><\/p>\n\n\n\n<p>O encontro tamb\u00e9m&nbsp; contou com as presen\u00e7as do corregedor-geral da Pol\u00edcia Civil, Wanderson Queiroz Chaves, do superintendente de Intelig\u00eancia e Estrat\u00e9gia da SSP, Emerson Francisco de Moura, e do assessor especial, delegado Ibanez Ayres.<\/p>\n","protected":false},"excerpt":{"rendered":"<p>O secret\u00e1rio de Estado da Seguran\u00e7a P\u00fablica do Tocantins (SSP), Wlademir Costa, recebeu nessa quarta-feira, 25, a visita do procurador-geral de Justi\u00e7a do Tocantins, Luciano Casaroti, para tratar de assuntos pertinentes \u00e0s \u00e1reas de atua\u00e7\u00e3o da Pol\u00edcia Civil e do Minist\u00e9rio P\u00fablico do Tocantins (MPE\/TO) e tra\u00e7ar a\u00e7\u00f5es institucionais de interesse comum em prol da [&hellip;]<\/p>\n","protected":false},"author":2,"featured_media":11335,"comment_status":"open","ping_status":"open","sticky":false,"template":"","format":"standard","meta":[],"categories":[3],"tags":[13],"_links":{"self":[{"href":"https:\/\/dgospel.com.br\/portal\/index.php\/wp-json\/wp\/v2\/posts\/11334"}],"collection":[{"href":"https:\/\/dgospel.com.br\/portal\/index.php\/wp-json\/wp\/v2\/posts"}],"about":[{"href":"https:\/\/dgospel.com.br\/portal\/index.php\/wp-json\/wp\/v2\/types\/post"}],"author":[{"embeddable":true,"href":"https:\/\/dgospel.com.br\/portal\/index.php\/wp-json\/wp\/v2\/users\/2"}],"replies":[{"embeddable":true,"href":"https:\/\/dgospel.com.br\/portal\/index.php\/wp-json\/wp\/v2\/comments?post=11334"}],"version-history":[{"count":1,"href":"https:\/\/dgospel.com.br\/portal\/index.php\/wp-json\/wp\/v2\/posts\/11334\/revisions"}],"predecessor-version":[{"id":11336,"href":"https:\/\/dgospel.com.br\/portal\/index.php\/wp-json\/wp\/v2\/posts\/11334\/revisions\/11336"}],"wp:featuredmedia":[{"embeddable":true,"href":"https:\/\/dgospel.com.br\/portal\/index.php\/wp-json\/wp\/v2\/media\/11335"}],"wp:attachment":[{"href":"https:\/\/dgospel.com.br\/portal\/index.php\/wp-json\/wp\/v2\/media?parent=11334"}],"wp:term":[{"taxonomy":"category","embeddable":true,"href":"https:\/\/dgospel.com.br\/portal\/index.php\/wp-json\/wp\/v2\/categories?post=11334"},{"taxonomy":"post_tag","embeddable":true,"href":"https:\/\/dgospel.com.br\/portal\/index.php\/wp-json\/wp\/v2\/tags?post=11334"}],"curies":[{"name":"wp","href":"https:\/\/api.w.org\/{rel}","templated":true}]}}