{"id":11340,"date":"2022-05-26T23:38:53","date_gmt":"2022-05-27T02:38:53","guid":{"rendered":"http:\/\/dgospel.com.br\/portal\/?p=11340"},"modified":"2022-05-26T23:38:53","modified_gmt":"2022-05-27T02:38:53","slug":"deputado-eli-borges-recebe-homenagem-pelos-servicos-prestados-em-defesa-da-familia","status":"publish","type":"post","link":"https:\/\/dgospel.com.br\/portal\/index.php\/2022\/05\/26\/deputado-eli-borges-recebe-homenagem-pelos-servicos-prestados-em-defesa-da-familia\/","title":{"rendered":"Deputado Eli Borges recebe homenagem pelos servi\u00e7os prestados em defesa da fam\u00edlia"},"content":{"rendered":"\n<p>O porta-voz da Bancada Evang\u00e9lica na C\u00e2mara, deputado federal Eli Borges (PL-TO) foi agraciado com a homenagem dedicada ao compromisso com a defesa dos crist\u00e3os e da fam\u00edlia no Congresso Nacional.<\/p>\n\n\n\n<p>\u201cAqui na C\u00e2mara sou a voz daqueles que lutam pelos valores crist\u00e3os, pela fam\u00edlia e pela vida. Recebo com respeito a homenagem e reafirmo meu compromisso de sempre enfrentar as dif\u00edceis discuss\u00f5es no parlamento de forma que essas sejam pensadas para o bem de nossa sociedade\u201d, afirma.<\/p>\n\n\n\n<p>Nesta quarta-feira (24), a Frente Parlamentar em Defesa da Vida e da Fam\u00edlia, a Frente Parlamentar Evang\u00e9lica e a Frente Parlamentar Cat\u00f3lica promoveram uma grande celebra\u00e7\u00e3o pelo Dia Internacional da Fam\u00edlia.<\/p>\n\n\n\n<p>Durante o evento,  outros parlamentares e especialistas foram homenageados por suas iniciativas de valoriza\u00e7\u00e3o e fortalecimento da fam\u00edlia. Tamb\u00e9m foram homenageadas as fam\u00edlias educadoras que tanto lutaram pela aprova\u00e7\u00e3o do projeto de lei do HomeSchooling. Defesa que o parlamentar deu voz ao se posicionar favoravelmente \u00e0 aprova\u00e7\u00e3o.<\/p>\n","protected":false},"excerpt":{"rendered":"<p>O porta-voz da Bancada Evang\u00e9lica na C\u00e2mara, deputado federal Eli Borges (PL-TO) foi agraciado com a homenagem dedicada ao compromisso com a defesa dos crist\u00e3os e da fam\u00edlia no Congresso Nacional. \u201cAqui na C\u00e2mara sou a voz daqueles que lutam pelos valores crist\u00e3os, pela fam\u00edlia e pela vida. Recebo com respeito a homenagem e reafirmo [&hellip;]<\/p>\n","protected":false},"author":2,"featured_media":11341,"comment_status":"open","ping_status":"open","sticky":false,"template":"","format":"standard","meta":[],"categories":[8],"tags":[],"_links":{"self":[{"href":"https:\/\/dgospel.com.br\/portal\/index.php\/wp-json\/wp\/v2\/posts\/11340"}],"collection":[{"href":"https:\/\/dgospel.com.br\/portal\/index.php\/wp-json\/wp\/v2\/posts"}],"about":[{"href":"https:\/\/dgospel.com.br\/portal\/index.php\/wp-json\/wp\/v2\/types\/post"}],"author":[{"embeddable":true,"href":"https:\/\/dgospel.com.br\/portal\/index.php\/wp-json\/wp\/v2\/users\/2"}],"replies":[{"embeddable":true,"href":"https:\/\/dgospel.com.br\/portal\/index.php\/wp-json\/wp\/v2\/comments?post=11340"}],"version-history":[{"count":1,"href":"https:\/\/dgospel.com.br\/portal\/index.php\/wp-json\/wp\/v2\/posts\/11340\/revisions"}],"predecessor-version":[{"id":11342,"href":"https:\/\/dgospel.com.br\/portal\/index.php\/wp-json\/wp\/v2\/posts\/11340\/revisions\/11342"}],"wp:featuredmedia":[{"embeddable":true,"href":"https:\/\/dgospel.com.br\/portal\/index.php\/wp-json\/wp\/v2\/media\/11341"}],"wp:attachment":[{"href":"https:\/\/dgospel.com.br\/portal\/index.php\/wp-json\/wp\/v2\/media?parent=11340"}],"wp:term":[{"taxonomy":"category","embeddable":true,"href":"https:\/\/dgospel.com.br\/portal\/index.php\/wp-json\/wp\/v2\/categories?post=11340"},{"taxonomy":"post_tag","embeddable":true,"href":"https:\/\/dgospel.com.br\/portal\/index.php\/wp-json\/wp\/v2\/tags?post=11340"}],"curies":[{"name":"wp","href":"https:\/\/api.w.org\/{rel}","templated":true}]}}