{"id":11343,"date":"2022-05-30T16:35:49","date_gmt":"2022-05-30T19:35:49","guid":{"rendered":"http:\/\/dgospel.com.br\/portal\/?p=11343"},"modified":"2022-05-30T16:35:50","modified_gmt":"2022-05-30T19:35:50","slug":"emocionada-karina-bacchi-e-batizada-nas-aguas","status":"publish","type":"post","link":"https:\/\/dgospel.com.br\/portal\/index.php\/2022\/05\/30\/emocionada-karina-bacchi-e-batizada-nas-aguas\/","title":{"rendered":"Emocionada, Karina Bacchi \u00e9 batizada nas \u00e1guas"},"content":{"rendered":"\n<p> Neste domingo (29), a apresentadora Karina Bacchi foi batizada nas \u00e1guas pelo pastor Lamartine Posella, fundador da Yah Church. Nas imagens postadas por Karina \u00e9 poss\u00edvel ver que ela est\u00e1 muito emocionada. Seu pai, \u00cdtalo Bacchi tamb\u00e9m desceu \u00e0s \u00e1guas. <\/p>\n\n\n\n<figure class=\"wp-block-image\"><img src=\"https:\/\/static.cdn.pleno.news\/2022\/05\/284542475_410065354376497_7277787670192922274_n-768x768.jpg\" alt=\"Emocionada, Karina Bacchi \u00e9 batizada nas \u00e1guas\"\/><figcaption>Emocionada, Karina Bacchi \u00e9 batizada nas \u00e1guas&nbsp;\/ Foto: Arquivo pessoal<\/figcaption><\/figure>\n\n\n\n<figure class=\"wp-block-image\"><img src=\"https:\/\/static.cdn.pleno.news\/2022\/05\/284900134_1421170145065180_4909098442934392470_n-1-768x768.jpg\" alt=\"Emocionada, Karina Bacchi \u00e9 batizada nas \u00e1guas\"\/><figcaption>Emocionada, Karina Bacchi \u00e9 batizada nas \u00e1guas&nbsp;\/ Foto: Arquivo pessoal<\/figcaption><\/figure>\n\n\n\n<figure class=\"wp-block-image\"><img src=\"https:\/\/static.cdn.pleno.news\/2022\/05\/285254800_572183017921482_1569532523945143927_n-768x768.jpg\" alt=\"Emocionada, Karina Bacchi \u00e9 batizada nas \u00e1guas\"\/><figcaption>Emocionada, Karina Bacchi \u00e9 batizada nas \u00e1guas&nbsp;\/ Foto: Arquivo pessoal<\/figcaption><\/figure>\n\n\n\n<figure class=\"wp-block-image\"><img src=\"https:\/\/static.cdn.pleno.news\/2022\/05\/285168036_400836898725693_3991280549684178321_n-768x768.jpg\" alt=\"Emocionada, Karina Bacchi \u00e9 batizada nas \u00e1guas\"\/><figcaption>Emocionada, Karina Bacchi \u00e9 batizada nas \u00e1guas&nbsp;\/ Foto: Arquivo pessoal<\/figcaption><\/figure>\n\n\n\n<figure class=\"wp-block-image\"><img src=\"https:\/\/static.cdn.pleno.news\/2022\/05\/284798494_623958949309326_3995654241998158296_n-768x768.jpg\" alt=\"Emocionada, Karina Bacchi \u00e9 batizada nas \u00e1guas\"\/><figcaption>Emocionada, Karina Bacchi \u00e9 batizada nas \u00e1guas&nbsp;\/ Foto: Arquivo pessoal<\/figcaption><\/figure>\n\n\n\n<figure class=\"wp-block-image\"><img src=\"https:\/\/static.cdn.pleno.news\/2022\/05\/284512545_597255748633227_3957438032827381416_n-768x767.jpg\" alt=\"Emocionada, Karina Bacchi \u00e9 batizada nas \u00e1guas\"\/><figcaption>Emocionada, Karina Bacchi \u00e9 batizada nas \u00e1guas&nbsp;\/ Foto: Arquivo pessoal<\/figcaption><\/figure>\n\n\n\n<figure class=\"wp-block-image\"><img src=\"https:\/\/static.cdn.pleno.news\/2022\/05\/283916570_333769382234727_3894946367955755877_n-768x768.jpg\" alt=\"Emocionada, Karina Bacchi \u00e9 batizada nas \u00e1guas\"\/><figcaption>Emocionada, Karina Bacchi \u00e9 batizada nas \u00e1guas&nbsp;\/ Foto: Arquivo pessoal<\/figcaption><\/figure>\n\n\n\n<ul><li>1&nbsp;de 7<\/li><\/ul>\n\n\n\n<p> Karina Bacchi tem 45 anos e trabalhava como atriz em novelas e programas de TV. Ela deixou a profiss\u00e3o por entender que a atividade estava indo contra os seus novos princ\u00edpios, baseados na B\u00edblia. No \u00faltimo ano, ela come\u00e7ou a apresentar o Podcast\u00a0<em>Positivamente<\/em>\u00a0e tem tido renovada sua f\u00e9 no Senhor. <\/p>\n\n\n\n<p>Confira a postagem de Karina:<\/p>\n\n\n\n<p><em>\u201cHoje, mais do que express\u00e3o da minha f\u00e9 em palavras e atos, eu reafirmo minha decis\u00e3o consciente de viver em comunh\u00e3o com Deus, em um relacionamento profundo, crescente e eterno.<\/em><\/p>\n\n\n\n<p><em>Hoje, atrav\u00e9s do batismo eu celebro minha filia\u00e7\u00e3o celestial e declaro todo meu amor, devo\u00e7\u00e3o e inten\u00e7\u00e3o perene de viver os planos de Deus em minha vida, cumprindo o seu chamado revestida de seu Santo Esp\u00edrito, disposta a ser guiada, moldada, capacitada, purificada, consagrada e ungida para fazer o bem diariamente.<\/em><\/p>\n\n\n\n<p><em>Hoje, meu cora\u00e7\u00e3o celebra com alegria e emo\u00e7\u00e3o o batismo do meu pai terreno, pai amado, que tamb\u00e9m foi tocado por Jesus em sua totalidade e intensidade.<\/em><br><em>Que ben\u00e7\u00e3o estarmos juntos nessa paiz\u00e3o!<\/em><\/p>\n\n\n\n<p><em>Hoje, eu louvo mais uma vez a Deus por todos aqueles dispostos a prosseguirem crescendo em sabedoria que me ensinam mais e mais nessa jornada.<\/em><br><em>Agrade\u00e7o ao c\u00e9u e tamb\u00e9m a todos os que t\u00eam me fortalecido com ensinamentos e demonstra\u00e7\u00f5es reais de const\u00e2ncia, zelo, amor e devo\u00e7\u00e3o.<\/em><\/p>\n\n\n\n<p><em>Obrigada, pastor Lamartine Posella, por me iluminar em cada palavra, cada culto, cada m\u00e3o estendida.<\/em><br><em>Obrigada a cada convidado e a cada espectador que esteve presente no Positivamente Podcast motivando minha caminhada!<\/em><\/p>\n\n\n\n<p><em>Gratid\u00e3o a todos os irm\u00e3os que fazem parte do Corpo de Cristo.<\/em><br><em>Obrigada, Jesus, pelo exemplo a ser seguido e pela salva\u00e7\u00e3o a ser constantemente lembrada, almejada e alcan\u00e7ada.<\/em><\/p>\n\n\n\n<p><em>Eis me aqui, conscientemente batizada e em profunda adora\u00e7\u00e3o! LOUVADO SEJA DEUS<\/em>&#8220;.<\/p>\n","protected":false},"excerpt":{"rendered":"<p>Neste domingo (29), a apresentadora Karina Bacchi foi batizada nas \u00e1guas pelo pastor Lamartine Posella, fundador da Yah Church. Nas imagens postadas por Karina \u00e9 poss\u00edvel ver que ela est\u00e1 muito emocionada. Seu pai, \u00cdtalo Bacchi tamb\u00e9m desceu \u00e0s \u00e1guas. 1&nbsp;de 7 Karina Bacchi tem 45 anos e trabalhava como atriz em novelas e programas [&hellip;]<\/p>\n","protected":false},"author":2,"featured_media":11344,"comment_status":"open","ping_status":"open","sticky":false,"template":"","format":"standard","meta":[],"categories":[17,5],"tags":[],"_links":{"self":[{"href":"https:\/\/dgospel.com.br\/portal\/index.php\/wp-json\/wp\/v2\/posts\/11343"}],"collection":[{"href":"https:\/\/dgospel.com.br\/portal\/index.php\/wp-json\/wp\/v2\/posts"}],"about":[{"href":"https:\/\/dgospel.com.br\/portal\/index.php\/wp-json\/wp\/v2\/types\/post"}],"author":[{"embeddable":true,"href":"https:\/\/dgospel.com.br\/portal\/index.php\/wp-json\/wp\/v2\/users\/2"}],"replies":[{"embeddable":true,"href":"https:\/\/dgospel.com.br\/portal\/index.php\/wp-json\/wp\/v2\/comments?post=11343"}],"version-history":[{"count":1,"href":"https:\/\/dgospel.com.br\/portal\/index.php\/wp-json\/wp\/v2\/posts\/11343\/revisions"}],"predecessor-version":[{"id":11345,"href":"https:\/\/dgospel.com.br\/portal\/index.php\/wp-json\/wp\/v2\/posts\/11343\/revisions\/11345"}],"wp:featuredmedia":[{"embeddable":true,"href":"https:\/\/dgospel.com.br\/portal\/index.php\/wp-json\/wp\/v2\/media\/11344"}],"wp:attachment":[{"href":"https:\/\/dgospel.com.br\/portal\/index.php\/wp-json\/wp\/v2\/media?parent=11343"}],"wp:term":[{"taxonomy":"category","embeddable":true,"href":"https:\/\/dgospel.com.br\/portal\/index.php\/wp-json\/wp\/v2\/categories?post=11343"},{"taxonomy":"post_tag","embeddable":true,"href":"https:\/\/dgospel.com.br\/portal\/index.php\/wp-json\/wp\/v2\/tags?post=11343"}],"curies":[{"name":"wp","href":"https:\/\/api.w.org\/{rel}","templated":true}]}}